{"id":979,"date":"2013-11-06T13:45:33","date_gmt":"2013-11-06T12:45:33","guid":{"rendered":"https:\/\/barricasdemadera.com\/blog\/?p=979"},"modified":"2013-11-06T13:45:33","modified_gmt":"2013-11-06T12:45:33","slug":"barrica-en-tienda-gourmet-fotos-de-clientes","status":"publish","type":"post","link":"https:\/\/barricasdemadera.com\/blog\/barrica-en-tienda-gourmet-fotos-de-clientes\/","title":{"rendered":"Barrica en tienda gourmet &#8211; Fotos de clientes"},"content":{"rendered":"<div><a href=\"https:\/\/barricasdemadera.com\/blog\/wp-content\/uploads\/2013\/11\/FOTOS-DE-BARRICAS-DE-CLIENTES-LA-DESPENSA-DEL-MEDITERR\u00c1NEO-GOURMET-ALMER\u00cdA.jpg\"><img loading=\"lazy\" decoding=\"async\" data-attachment-id=\"980\" data-permalink=\"https:\/\/barricasdemadera.com\/blog\/barrica-en-tienda-gourmet-fotos-de-clientes\/fotos-de-barricas-de-clientes-la-despensa-del-mediterraneo-gourmet-almeria\/\" data-orig-file=\"https:\/\/barricasdemadera.com\/blog\/wp-content\/uploads\/2013\/11\/FOTOS-DE-BARRICAS-DE-CLIENTES-LA-DESPENSA-DEL-MEDITERR\u00c1NEO-GOURMET-ALMER\u00cdA.jpg\" data-orig-size=\"800,600\" data-comments-opened=\"1\" data-image-meta=\"{&quot;aperture&quot;:&quot;2.6&quot;,&quot;credit&quot;:&quot;&quot;,&quot;camera&quot;:&quot;GT-S5570&quot;,&quot;caption&quot;:&quot;&quot;,&quot;created_timestamp&quot;:&quot;1382642537&quot;,&quot;copyright&quot;:&quot;&quot;,&quot;focal_length&quot;:&quot;2.78&quot;,&quot;iso&quot;:&quot;400&quot;,&quot;shutter_speed&quot;:&quot;0.125&quot;,&quot;title&quot;:&quot;&quot;}\" data-image-title=\"FOTOS DE BARRICAS DE CLIENTES &amp;#8211; LA DESPENSA DEL MEDITERR\u00c1NEO GOURMET &amp;#8211; ALMER\u00cdA\" data-image-description=\"\" data-image-caption=\"\" data-medium-file=\"https:\/\/barricasdemadera.com\/blog\/wp-content\/uploads\/2013\/11\/FOTOS-DE-BARRICAS-DE-CLIENTES-LA-DESPENSA-DEL-MEDITERR\u00c1NEO-GOURMET-ALMER\u00cdA-300x225.jpg\" data-large-file=\"https:\/\/barricasdemadera.com\/blog\/wp-content\/uploads\/2013\/11\/FOTOS-DE-BARRICAS-DE-CLIENTES-LA-DESPENSA-DEL-MEDITERR\u00c1NEO-GOURMET-ALMER\u00cdA.jpg\" class=\"aligncenter size-full wp-image-980\" alt=\"barricas gourmet, barricas para decoraci\u00f3n\" src=\"https:\/\/barricasdemadera.com\/blog\/wp-content\/uploads\/2013\/11\/FOTOS-DE-BARRICAS-DE-CLIENTES-LA-DESPENSA-DEL-MEDITERR\u00c1NEO-GOURMET-ALMER\u00cdA.jpg\" width=\"800\" height=\"600\" srcset=\"https:\/\/barricasdemadera.com\/blog\/wp-content\/uploads\/2013\/11\/FOTOS-DE-BARRICAS-DE-CLIENTES-LA-DESPENSA-DEL-MEDITERR\u00c1NEO-GOURMET-ALMER\u00cdA.jpg 800w, https:\/\/barricasdemadera.com\/blog\/wp-content\/uploads\/2013\/11\/FOTOS-DE-BARRICAS-DE-CLIENTES-LA-DESPENSA-DEL-MEDITERR\u00c1NEO-GOURMET-ALMER\u00cdA-300x225.jpg 300w, https:\/\/barricasdemadera.com\/blog\/wp-content\/uploads\/2013\/11\/FOTOS-DE-BARRICAS-DE-CLIENTES-LA-DESPENSA-DEL-MEDITERR\u00c1NEO-GOURMET-ALMER\u00cdA-400x300.jpg 400w\" sizes=\"auto, (max-width: 800px) 100vw, 800px\" \/><\/a><\/div>\n<div style=\"text-align: justify;\">Un cliente nos env\u00eda una nueva foto y la queremos compartir con tod@s vosotr@s. Esta vez la <a href=\"https:\/\/barricasdemadera.com\/barricas-de-madera-225-litros-mod-00M6\" class=\"broken_link\">Barrica de madera 225 litros mod. 00M6<\/a> se coloc\u00f3 en una tienda gourmet con un resultado muy bueno. Perfectamente integrada y refuerza el concepto de tienda gourmet con productos escogidos de forma cuidada.<\/p>\n<p>\u00a1Le deseamos desde aqu\u00ed mucho \u00e9xito en su negocio y le damos las gracias por confiar en <a title=\"Tienda de barricas online\" href=\"https:\/\/barricasdemadera.com\" target=\"_blank\">BarricasDeMadera.com<\/a>!<\/div>\n<div style=\"text-align: justify;\"><\/div>\n<div style=\"text-align: justify;\">Os animamos a visitarles en La Despensa del Mediterr\u00e1neo Gourmet &#8211; Almer\u00eda.<\/div>\n","protected":false},"excerpt":{"rendered":"<p>Un cliente nos env\u00eda una nueva foto y la queremos compartir con tod@s vosotr@s. Esta vez la Barrica de madera 225 litros mod. 00M6 se coloc\u00f3 en una tienda gourmet con un resultado muy bueno. Perfectamente integrada y refuerza el &hellip; <a href=\"https:\/\/barricasdemadera.com\/blog\/barrica-en-tienda-gourmet-fotos-de-clientes\/\">Sigue leyendo <span class=\"meta-nav\">&rarr;<\/span><\/a><\/p>\n","protected":false},"author":1,"featured_media":980,"comment_status":"open","ping_status":"closed","sticky":false,"template":"","format":"standard","meta":{"_jetpack_newsletter_access":"","_jetpack_dont_email_post_to_subs":false,"_jetpack_newsletter_tier_id":0,"_jetpack_memberships_contains_paywalled_content":false,"_jetpack_memberships_contains_paid_content":false,"footnotes":""},"categories":[5],"tags":[184,286,337,32,287,288,285,134],"class_list":["post-979","post","type-post","status-publish","format-standard","has-post-thumbnail","hentry","category-barricas-usadas","tag-barricas-decoracion","tag-barricas-stand","tag-barricas-usadas","tag-barricas-vino","tag-barriles-roble","tag-decoracion-de-tienda-gourmet","tag-decoracion-gourmet","tag-toneles-vino"],"yoast_head":"<!-- This site is optimized with the Yoast SEO plugin v24.3 - https:\/\/yoast.com\/wordpress\/plugins\/seo\/ -->\n<title>Barricas para decoraci\u00f3n - Fotos de clientes<\/title>\n<meta name=\"description\" content=\"Un cliente nos env\u00eda una nueva foto y la queremos compartir con tod@s vosotr@s. Esta vez la barrica se coloc\u00f3 en una tienda gourmet con un resultado muy bueno. Perfectamente integrada y refuerza el concepto de tienda gourmet con productos escogidos de forma cuidada.\" \/>\n<meta name=\"robots\" content=\"index, follow, max-snippet:-1, max-image-preview:large, max-video-preview:-1\" \/>\n<link rel=\"canonical\" href=\"https:\/\/barricasdemadera.com\/blog\/barrica-en-tienda-gourmet-fotos-de-clientes\/\" \/>\n<meta property=\"og:locale\" content=\"es_ES\" \/>\n<meta property=\"og:type\" content=\"article\" \/>\n<meta property=\"og:title\" content=\"Barricas para decoraci\u00f3n - Fotos de clientes\" \/>\n<meta property=\"og:description\" content=\"Un cliente nos env\u00eda una nueva foto y la queremos compartir con tod@s vosotr@s. Esta vez la barrica se coloc\u00f3 en una tienda gourmet con un resultado muy bueno. Perfectamente integrada y refuerza el concepto de tienda gourmet con productos escogidos de forma cuidada.\" \/>\n<meta property=\"og:url\" content=\"https:\/\/barricasdemadera.com\/blog\/barrica-en-tienda-gourmet-fotos-de-clientes\/\" \/>\n<meta property=\"og:site_name\" content=\"BarricasDeMadera.com - Reciclaje y venta de barricas usadas\" \/>\n<meta property=\"article:publisher\" content=\"https:\/\/www.facebook.com\/barricasdemadera.es\/\" \/>\n<meta property=\"article:published_time\" content=\"2013-11-06T12:45:33+00:00\" \/>\n<meta property=\"og:image\" content=\"https:\/\/barricasdemadera.com\/blog\/wp-content\/uploads\/2013\/11\/FOTOS-DE-BARRICAS-DE-CLIENTES-LA-DESPENSA-DEL-MEDITERR\u00c1NEO-GOURMET-ALMER\u00cdA.jpg\" \/>\n\t<meta property=\"og:image:width\" content=\"800\" \/>\n\t<meta property=\"og:image:height\" content=\"600\" \/>\n\t<meta property=\"og:image:type\" content=\"image\/jpeg\" \/>\n<meta name=\"author\" content=\"BarricasDeMadera.com\" \/>\n<meta name=\"twitter:card\" content=\"summary_large_image\" \/>\n<meta name=\"twitter:creator\" content=\"@barricasmadera\" \/>\n<meta name=\"twitter:site\" content=\"@barricasmadera\" \/>\n<meta name=\"twitter:label1\" content=\"Escrito por\" \/>\n\t<meta name=\"twitter:data1\" content=\"BarricasDeMadera.com\" \/>\n<script type=\"application\/ld+json\" class=\"yoast-schema-graph\">{\"@context\":\"https:\/\/schema.org\",\"@graph\":[{\"@type\":\"WebPage\",\"@id\":\"https:\/\/barricasdemadera.com\/blog\/barrica-en-tienda-gourmet-fotos-de-clientes\/\",\"url\":\"https:\/\/barricasdemadera.com\/blog\/barrica-en-tienda-gourmet-fotos-de-clientes\/\",\"name\":\"Barricas para decoraci\u00f3n - Fotos de clientes\",\"isPartOf\":{\"@id\":\"https:\/\/barricasdemadera.com\/blog\/#website\"},\"primaryImageOfPage\":{\"@id\":\"https:\/\/barricasdemadera.com\/blog\/barrica-en-tienda-gourmet-fotos-de-clientes\/#primaryimage\"},\"image\":{\"@id\":\"https:\/\/barricasdemadera.com\/blog\/barrica-en-tienda-gourmet-fotos-de-clientes\/#primaryimage\"},\"thumbnailUrl\":\"https:\/\/barricasdemadera.com\/blog\/wp-content\/uploads\/2013\/11\/FOTOS-DE-BARRICAS-DE-CLIENTES-LA-DESPENSA-DEL-MEDITERR\u00c1NEO-GOURMET-ALMER\u00cdA.jpg\",\"datePublished\":\"2013-11-06T12:45:33+00:00\",\"dateModified\":\"2013-11-06T12:45:33+00:00\",\"author\":{\"@id\":\"https:\/\/barricasdemadera.com\/blog\/#\/schema\/person\/febf58d94c9a8028589ac78a738329da\"},\"description\":\"Un cliente nos env\u00eda una nueva foto y la queremos compartir con tod@s vosotr@s. Esta vez la barrica se coloc\u00f3 en una tienda gourmet con un resultado muy bueno. Perfectamente integrada y refuerza el concepto de tienda gourmet con productos escogidos de forma cuidada.\",\"breadcrumb\":{\"@id\":\"https:\/\/barricasdemadera.com\/blog\/barrica-en-tienda-gourmet-fotos-de-clientes\/#breadcrumb\"},\"inLanguage\":\"es\",\"potentialAction\":[{\"@type\":\"ReadAction\",\"target\":[\"https:\/\/barricasdemadera.com\/blog\/barrica-en-tienda-gourmet-fotos-de-clientes\/\"]}]},{\"@type\":\"ImageObject\",\"inLanguage\":\"es\",\"@id\":\"https:\/\/barricasdemadera.com\/blog\/barrica-en-tienda-gourmet-fotos-de-clientes\/#primaryimage\",\"url\":\"https:\/\/barricasdemadera.com\/blog\/wp-content\/uploads\/2013\/11\/FOTOS-DE-BARRICAS-DE-CLIENTES-LA-DESPENSA-DEL-MEDITERR\u00c1NEO-GOURMET-ALMER\u00cdA.jpg\",\"contentUrl\":\"https:\/\/barricasdemadera.com\/blog\/wp-content\/uploads\/2013\/11\/FOTOS-DE-BARRICAS-DE-CLIENTES-LA-DESPENSA-DEL-MEDITERR\u00c1NEO-GOURMET-ALMER\u00cdA.jpg\",\"width\":800,\"height\":600,\"caption\":\"barricas gourmet, barricas para decoraci\u00f3n, barricas usadas, barricas de ocasi\u00f3n\"},{\"@type\":\"BreadcrumbList\",\"@id\":\"https:\/\/barricasdemadera.com\/blog\/barrica-en-tienda-gourmet-fotos-de-clientes\/#breadcrumb\",\"itemListElement\":[{\"@type\":\"ListItem\",\"position\":1,\"name\":\"barricas decoraci\u00f3n\",\"item\":\"https:\/\/barricasdemadera.com\/blog\/tag\/barricas-decoracion\/\"},{\"@type\":\"ListItem\",\"position\":2,\"name\":\"Barrica en tienda gourmet &#8211; Fotos de clientes\"}]},{\"@type\":\"WebSite\",\"@id\":\"https:\/\/barricasdemadera.com\/blog\/#website\",\"url\":\"https:\/\/barricasdemadera.com\/blog\/\",\"name\":\"BarricasDeMadera.com - Reciclaje y venta de barricas usadas\",\"description\":\"Tienda de barricas de madera usadas online\",\"potentialAction\":[{\"@type\":\"SearchAction\",\"target\":{\"@type\":\"EntryPoint\",\"urlTemplate\":\"https:\/\/barricasdemadera.com\/blog\/?s={search_term_string}\"},\"query-input\":{\"@type\":\"PropertyValueSpecification\",\"valueRequired\":true,\"valueName\":\"search_term_string\"}}],\"inLanguage\":\"es\"},{\"@type\":\"Person\",\"@id\":\"https:\/\/barricasdemadera.com\/blog\/#\/schema\/person\/febf58d94c9a8028589ac78a738329da\",\"name\":\"BarricasDeMadera.com\",\"image\":{\"@type\":\"ImageObject\",\"inLanguage\":\"es\",\"@id\":\"https:\/\/barricasdemadera.com\/blog\/#\/schema\/person\/image\/\",\"url\":\"https:\/\/secure.gravatar.com\/avatar\/21356ba8f4b232ed0f9b06f39f0991931534c799ff8457c1e03b934166590e26?s=96&d=mm&r=g\",\"contentUrl\":\"https:\/\/secure.gravatar.com\/avatar\/21356ba8f4b232ed0f9b06f39f0991931534c799ff8457c1e03b934166590e26?s=96&d=mm&r=g\",\"caption\":\"BarricasDeMadera.com\"},\"sameAs\":[\"https:\/\/barricasdemadera.com\",\"https:\/\/x.com\/@barricasmadera\"],\"url\":\"https:\/\/barricasdemadera.com\/blog\/author\/adminbarricas\/\"}]}<\/script>\n<!-- \/ Yoast SEO plugin. -->","yoast_head_json":{"title":"Barricas para decoraci\u00f3n - Fotos de clientes","description":"Un cliente nos env\u00eda una nueva foto y la queremos compartir con tod@s vosotr@s. Esta vez la barrica se coloc\u00f3 en una tienda gourmet con un resultado muy bueno. Perfectamente integrada y refuerza el concepto de tienda gourmet con productos escogidos de forma cuidada.","robots":{"index":"index","follow":"follow","max-snippet":"max-snippet:-1","max-image-preview":"max-image-preview:large","max-video-preview":"max-video-preview:-1"},"canonical":"https:\/\/barricasdemadera.com\/blog\/barrica-en-tienda-gourmet-fotos-de-clientes\/","og_locale":"es_ES","og_type":"article","og_title":"Barricas para decoraci\u00f3n - Fotos de clientes","og_description":"Un cliente nos env\u00eda una nueva foto y la queremos compartir con tod@s vosotr@s. Esta vez la barrica se coloc\u00f3 en una tienda gourmet con un resultado muy bueno. Perfectamente integrada y refuerza el concepto de tienda gourmet con productos escogidos de forma cuidada.","og_url":"https:\/\/barricasdemadera.com\/blog\/barrica-en-tienda-gourmet-fotos-de-clientes\/","og_site_name":"BarricasDeMadera.com - Reciclaje y venta de barricas usadas","article_publisher":"https:\/\/www.facebook.com\/barricasdemadera.es\/","article_published_time":"2013-11-06T12:45:33+00:00","og_image":[{"width":800,"height":600,"url":"https:\/\/barricasdemadera.com\/blog\/wp-content\/uploads\/2013\/11\/FOTOS-DE-BARRICAS-DE-CLIENTES-LA-DESPENSA-DEL-MEDITERR\u00c1NEO-GOURMET-ALMER\u00cdA.jpg","type":"image\/jpeg"}],"author":"BarricasDeMadera.com","twitter_card":"summary_large_image","twitter_creator":"@barricasmadera","twitter_site":"@barricasmadera","twitter_misc":{"Escrito por":"BarricasDeMadera.com"},"schema":{"@context":"https:\/\/schema.org","@graph":[{"@type":"WebPage","@id":"https:\/\/barricasdemadera.com\/blog\/barrica-en-tienda-gourmet-fotos-de-clientes\/","url":"https:\/\/barricasdemadera.com\/blog\/barrica-en-tienda-gourmet-fotos-de-clientes\/","name":"Barricas para decoraci\u00f3n - Fotos de clientes","isPartOf":{"@id":"https:\/\/barricasdemadera.com\/blog\/#website"},"primaryImageOfPage":{"@id":"https:\/\/barricasdemadera.com\/blog\/barrica-en-tienda-gourmet-fotos-de-clientes\/#primaryimage"},"image":{"@id":"https:\/\/barricasdemadera.com\/blog\/barrica-en-tienda-gourmet-fotos-de-clientes\/#primaryimage"},"thumbnailUrl":"https:\/\/barricasdemadera.com\/blog\/wp-content\/uploads\/2013\/11\/FOTOS-DE-BARRICAS-DE-CLIENTES-LA-DESPENSA-DEL-MEDITERR\u00c1NEO-GOURMET-ALMER\u00cdA.jpg","datePublished":"2013-11-06T12:45:33+00:00","dateModified":"2013-11-06T12:45:33+00:00","author":{"@id":"https:\/\/barricasdemadera.com\/blog\/#\/schema\/person\/febf58d94c9a8028589ac78a738329da"},"description":"Un cliente nos env\u00eda una nueva foto y la queremos compartir con tod@s vosotr@s. Esta vez la barrica se coloc\u00f3 en una tienda gourmet con un resultado muy bueno. Perfectamente integrada y refuerza el concepto de tienda gourmet con productos escogidos de forma cuidada.","breadcrumb":{"@id":"https:\/\/barricasdemadera.com\/blog\/barrica-en-tienda-gourmet-fotos-de-clientes\/#breadcrumb"},"inLanguage":"es","potentialAction":[{"@type":"ReadAction","target":["https:\/\/barricasdemadera.com\/blog\/barrica-en-tienda-gourmet-fotos-de-clientes\/"]}]},{"@type":"ImageObject","inLanguage":"es","@id":"https:\/\/barricasdemadera.com\/blog\/barrica-en-tienda-gourmet-fotos-de-clientes\/#primaryimage","url":"https:\/\/barricasdemadera.com\/blog\/wp-content\/uploads\/2013\/11\/FOTOS-DE-BARRICAS-DE-CLIENTES-LA-DESPENSA-DEL-MEDITERR\u00c1NEO-GOURMET-ALMER\u00cdA.jpg","contentUrl":"https:\/\/barricasdemadera.com\/blog\/wp-content\/uploads\/2013\/11\/FOTOS-DE-BARRICAS-DE-CLIENTES-LA-DESPENSA-DEL-MEDITERR\u00c1NEO-GOURMET-ALMER\u00cdA.jpg","width":800,"height":600,"caption":"barricas gourmet, barricas para decoraci\u00f3n, barricas usadas, barricas de ocasi\u00f3n"},{"@type":"BreadcrumbList","@id":"https:\/\/barricasdemadera.com\/blog\/barrica-en-tienda-gourmet-fotos-de-clientes\/#breadcrumb","itemListElement":[{"@type":"ListItem","position":1,"name":"barricas decoraci\u00f3n","item":"https:\/\/barricasdemadera.com\/blog\/tag\/barricas-decoracion\/"},{"@type":"ListItem","position":2,"name":"Barrica en tienda gourmet &#8211; Fotos de clientes"}]},{"@type":"WebSite","@id":"https:\/\/barricasdemadera.com\/blog\/#website","url":"https:\/\/barricasdemadera.com\/blog\/","name":"BarricasDeMadera.com - Reciclaje y venta de barricas usadas","description":"Tienda de barricas de madera usadas online","potentialAction":[{"@type":"SearchAction","target":{"@type":"EntryPoint","urlTemplate":"https:\/\/barricasdemadera.com\/blog\/?s={search_term_string}"},"query-input":{"@type":"PropertyValueSpecification","valueRequired":true,"valueName":"search_term_string"}}],"inLanguage":"es"},{"@type":"Person","@id":"https:\/\/barricasdemadera.com\/blog\/#\/schema\/person\/febf58d94c9a8028589ac78a738329da","name":"BarricasDeMadera.com","image":{"@type":"ImageObject","inLanguage":"es","@id":"https:\/\/barricasdemadera.com\/blog\/#\/schema\/person\/image\/","url":"https:\/\/secure.gravatar.com\/avatar\/21356ba8f4b232ed0f9b06f39f0991931534c799ff8457c1e03b934166590e26?s=96&d=mm&r=g","contentUrl":"https:\/\/secure.gravatar.com\/avatar\/21356ba8f4b232ed0f9b06f39f0991931534c799ff8457c1e03b934166590e26?s=96&d=mm&r=g","caption":"BarricasDeMadera.com"},"sameAs":["https:\/\/barricasdemadera.com","https:\/\/x.com\/@barricasmadera"],"url":"https:\/\/barricasdemadera.com\/blog\/author\/adminbarricas\/"}]}},"jetpack_featured_media_url":"https:\/\/barricasdemadera.com\/blog\/wp-content\/uploads\/2013\/11\/FOTOS-DE-BARRICAS-DE-CLIENTES-LA-DESPENSA-DEL-MEDITERR\u00c1NEO-GOURMET-ALMER\u00cdA.jpg","jetpack_shortlink":"https:\/\/wp.me\/p2UXAv-fN","jetpack_sharing_enabled":true,"_links":{"self":[{"href":"https:\/\/barricasdemadera.com\/blog\/wp-json\/wp\/v2\/posts\/979","targetHints":{"allow":["GET"]}}],"collection":[{"href":"https:\/\/barricasdemadera.com\/blog\/wp-json\/wp\/v2\/posts"}],"about":[{"href":"https:\/\/barricasdemadera.com\/blog\/wp-json\/wp\/v2\/types\/post"}],"author":[{"embeddable":true,"href":"https:\/\/barricasdemadera.com\/blog\/wp-json\/wp\/v2\/users\/1"}],"replies":[{"embeddable":true,"href":"https:\/\/barricasdemadera.com\/blog\/wp-json\/wp\/v2\/comments?post=979"}],"version-history":[{"count":3,"href":"https:\/\/barricasdemadera.com\/blog\/wp-json\/wp\/v2\/posts\/979\/revisions"}],"predecessor-version":[{"id":983,"href":"https:\/\/barricasdemadera.com\/blog\/wp-json\/wp\/v2\/posts\/979\/revisions\/983"}],"wp:featuredmedia":[{"embeddable":true,"href":"https:\/\/barricasdemadera.com\/blog\/wp-json\/wp\/v2\/media\/980"}],"wp:attachment":[{"href":"https:\/\/barricasdemadera.com\/blog\/wp-json\/wp\/v2\/media?parent=979"}],"wp:term":[{"taxonomy":"category","embeddable":true,"href":"https:\/\/barricasdemadera.com\/blog\/wp-json\/wp\/v2\/categories?post=979"},{"taxonomy":"post_tag","embeddable":true,"href":"https:\/\/barricasdemadera.com\/blog\/wp-json\/wp\/v2\/tags?post=979"}],"curies":[{"name":"wp","href":"https:\/\/api.w.org\/{rel}","templated":true}]}}