{"id":955,"date":"2013-09-10T21:05:51","date_gmt":"2013-09-10T20:05:51","guid":{"rendered":"https:\/\/barricasdemadera.com\/blog\/?p=955"},"modified":"2013-09-10T21:27:09","modified_gmt":"2013-09-10T20:27:09","slug":"barricas-de-ocasion","status":"publish","type":"post","link":"https:\/\/barricasdemadera.com\/blog\/barricas-de-ocasion\/","title":{"rendered":"Barricas de ocasi\u00f3n"},"content":{"rendered":"<p style=\"text-align: justify;\">\u00bfEst\u00e1s pensando en comprar barricas usadas para decoraci\u00f3n?<\/p>\n<p style=\"text-align: justify;\"><a href=\"https:\/\/barricasdemadera.com\/blog\/wp-content\/uploads\/2013\/09\/Barricas-Toneles-Cubas-Barriles-de-madera-para-decoraci\u00f3n-Mod-07-02.jpg\"><img loading=\"lazy\" decoding=\"async\" data-attachment-id=\"957\" data-permalink=\"https:\/\/barricasdemadera.com\/blog\/barricas-de-ocasion\/barricas-toneles-cubas-barriles-de-madera-para-decoracion-mod-07-02\/\" data-orig-file=\"https:\/\/barricasdemadera.com\/blog\/wp-content\/uploads\/2013\/09\/Barricas-Toneles-Cubas-Barriles-de-madera-para-decoraci\u00f3n-Mod-07-02.jpg\" data-orig-size=\"500,500\" data-comments-opened=\"1\" data-image-meta=\"{&quot;aperture&quot;:&quot;0&quot;,&quot;credit&quot;:&quot;&quot;,&quot;camera&quot;:&quot;&quot;,&quot;caption&quot;:&quot;&quot;,&quot;created_timestamp&quot;:&quot;0&quot;,&quot;copyright&quot;:&quot;&quot;,&quot;focal_length&quot;:&quot;0&quot;,&quot;iso&quot;:&quot;0&quot;,&quot;shutter_speed&quot;:&quot;0&quot;,&quot;title&quot;:&quot;&quot;}\" data-image-title=\"\" data-image-description=\"&lt;p&gt;Barricas, Toneles, Cubas, Barriles de madera para decoraci\u00f3n Mod 07 02&lt;\/p&gt;\n\" data-image-caption=\"\" data-medium-file=\"https:\/\/barricasdemadera.com\/blog\/wp-content\/uploads\/2013\/09\/Barricas-Toneles-Cubas-Barriles-de-madera-para-decoraci\u00f3n-Mod-07-02-300x300.jpg\" data-large-file=\"https:\/\/barricasdemadera.com\/blog\/wp-content\/uploads\/2013\/09\/Barricas-Toneles-Cubas-Barriles-de-madera-para-decoraci\u00f3n-Mod-07-02.jpg\" class=\"aligncenter size-full wp-image-957\" alt=\"barricas de ocasi\u00f3n\" src=\"https:\/\/barricasdemadera.com\/blog\/wp-content\/uploads\/2013\/09\/Barricas-Toneles-Cubas-Barriles-de-madera-para-decoraci\u00f3n-Mod-07-02.jpg\" width=\"500\" height=\"500\" srcset=\"https:\/\/barricasdemadera.com\/blog\/wp-content\/uploads\/2013\/09\/Barricas-Toneles-Cubas-Barriles-de-madera-para-decoraci\u00f3n-Mod-07-02.jpg 500w, https:\/\/barricasdemadera.com\/blog\/wp-content\/uploads\/2013\/09\/Barricas-Toneles-Cubas-Barriles-de-madera-para-decoraci\u00f3n-Mod-07-02-150x150.jpg 150w, https:\/\/barricasdemadera.com\/blog\/wp-content\/uploads\/2013\/09\/Barricas-Toneles-Cubas-Barriles-de-madera-para-decoraci\u00f3n-Mod-07-02-300x300.jpg 300w\" sizes=\"auto, (max-width: 500px) 100vw, 500px\" \/><\/a><\/p>\n<p style=\"text-align: justify;\">Volvemos con una <strong>promoci\u00f3n limitada de barricas usadas\u00a0<\/strong>para este final de la temporada de verano. En esta ocasi\u00f3n ofreceremos las\u00a0<a href=\"https:\/\/barricasdemadera.com\/barricas-usadas-225-litros-mod-07\" class=\"broken_link\">Barricas usadas 225 litros Mod. 07<\/a>\u00a0por tan <strong>solo 42,35\u20ac.<\/strong> As\u00ed que el precio ya no ser\u00e1 una excusa. Como en anteriores ocasiones, estas barricas son de <strong>madera de roble<\/strong>, 225 litros de capacidad, 95 cm de altura, 75 cm de di\u00e1metro y tienen la singularidad de tener una pieza de refuerzo en los fondos, que hace que la barrica sea m\u00e1s estable.<\/p>\n<p style=\"text-align: justify;\">Estas barricas se pueden utilizar para multitud de usos, \u00a0s\u00f3lo la imaginaci\u00f3n te pondr\u00e1 los l\u00edmites. Los m\u00e1s usuales son para <strong>decoraci\u00f3n en eventos, jardiner\u00eda, publicidad, hosteler\u00eda<\/strong>, etc.<\/p>\n<p style=\"text-align: justify;\">\u00a1No te quedes sin ellas! S\u00f3lo estar\u00e1n disponibles por tiempo y unidades limitadas.<\/p>\n<p style=\"text-align: justify;\">Promoci\u00f3n disponible desde ya mismo en\u00a0<a title=\"Barricas de ocasi\u00f3n y segunda mano\" href=\"https:\/\/barricasdemadera.com\/barricas-usadas-225-litros-mod-07\" target=\"_blank\" class=\"broken_link\">www.BarricasDeMadera.com &#8211;\u00a0Barricas usadas 225 litros Mod. 07<\/a>, y si tienes alguna duda, <a title=\"Contactar con BarricasDeMadera.com\" href=\"https:\/\/barricasdemadera.com\/blog\/contactar-con-barricas-de-madera-com\/\" target=\"_blank\">contacta con nosotros<\/a>.<\/p>\n<p style=\"text-align: justify;\">\n","protected":false},"excerpt":{"rendered":"<p>\u00bfEst\u00e1s pensando en comprar barricas usadas para decoraci\u00f3n? Volvemos con una promoci\u00f3n limitada de barricas usadas\u00a0para este final de la temporada de verano. En esta ocasi\u00f3n ofreceremos las\u00a0Barricas usadas 225 litros Mod. 07\u00a0por tan solo 42,35\u20ac. As\u00ed que el precio &hellip; <a href=\"https:\/\/barricasdemadera.com\/blog\/barricas-de-ocasion\/\">Sigue leyendo <span class=\"meta-nav\">&rarr;<\/span><\/a><\/p>\n","protected":false},"author":1,"featured_media":957,"comment_status":"open","ping_status":"closed","sticky":false,"template":"","format":"standard","meta":{"_jetpack_newsletter_access":"","_jetpack_dont_email_post_to_subs":false,"_jetpack_newsletter_tier_id":0,"_jetpack_memberships_contains_paywalled_content":false,"_jetpack_memberships_contains_paid_content":false,"footnotes":""},"categories":[5],"tags":[272,20,337,69,7,253,265],"class_list":["post-955","post","type-post","status-publish","format-standard","has-post-thumbnail","hentry","category-barricas-usadas","tag-barricas-ocasion","tag-barricas-roble","tag-barricas-usadas","tag-barriles-segunda-mano","tag-comprar-barricas","tag-tienda-barriles","tag-toneles-usados"],"yoast_head":"<!-- This site is optimized with the Yoast SEO plugin v24.3 - https:\/\/yoast.com\/wordpress\/plugins\/seo\/ -->\n<title>Barricas de ocasi\u00f3n y de segunda mano.<\/title>\n<meta name=\"description\" content=\"Barricas usadas por tan solo 42,35\u20ac. Madera de roble, 225 litros de capacidad, 95 cm de altura, 75 cm de di\u00e1metro. Promoci\u00f3n limitada.\" \/>\n<meta name=\"robots\" content=\"index, follow, max-snippet:-1, max-image-preview:large, max-video-preview:-1\" \/>\n<link rel=\"canonical\" href=\"https:\/\/barricasdemadera.com\/blog\/barricas-de-ocasion\/\" \/>\n<meta property=\"og:locale\" content=\"es_ES\" \/>\n<meta property=\"og:type\" content=\"article\" \/>\n<meta property=\"og:title\" content=\"Barricas de ocasi\u00f3n y de segunda mano.\" \/>\n<meta property=\"og:description\" content=\"Barricas usadas por tan solo 42,35\u20ac. Madera de roble, 225 litros de capacidad, 95 cm de altura, 75 cm de di\u00e1metro. Promoci\u00f3n limitada.\" \/>\n<meta property=\"og:url\" content=\"https:\/\/barricasdemadera.com\/blog\/barricas-de-ocasion\/\" \/>\n<meta property=\"og:site_name\" content=\"BarricasDeMadera.com - Reciclaje y venta de barricas usadas\" \/>\n<meta property=\"article:publisher\" content=\"https:\/\/www.facebook.com\/barricasdemadera.es\/\" \/>\n<meta property=\"article:published_time\" content=\"2013-09-10T20:05:51+00:00\" \/>\n<meta property=\"article:modified_time\" content=\"2013-09-10T20:27:09+00:00\" \/>\n<meta property=\"og:image\" content=\"https:\/\/barricasdemadera.com\/blog\/wp-content\/uploads\/2013\/09\/Barricas-Toneles-Cubas-Barriles-de-madera-para-decoraci\u00f3n-Mod-07-02.jpg\" \/>\n\t<meta property=\"og:image:width\" content=\"500\" \/>\n\t<meta property=\"og:image:height\" content=\"500\" \/>\n\t<meta property=\"og:image:type\" content=\"image\/jpeg\" \/>\n<meta name=\"author\" content=\"BarricasDeMadera.com\" \/>\n<meta name=\"twitter:card\" content=\"summary_large_image\" \/>\n<meta name=\"twitter:creator\" content=\"@barricasmadera\" \/>\n<meta name=\"twitter:site\" content=\"@barricasmadera\" \/>\n<meta name=\"twitter:label1\" content=\"Escrito por\" \/>\n\t<meta name=\"twitter:data1\" content=\"BarricasDeMadera.com\" \/>\n\t<meta name=\"twitter:label2\" content=\"Tiempo de lectura\" \/>\n\t<meta name=\"twitter:data2\" content=\"1 minuto\" \/>\n<script type=\"application\/ld+json\" class=\"yoast-schema-graph\">{\"@context\":\"https:\/\/schema.org\",\"@graph\":[{\"@type\":\"WebPage\",\"@id\":\"https:\/\/barricasdemadera.com\/blog\/barricas-de-ocasion\/\",\"url\":\"https:\/\/barricasdemadera.com\/blog\/barricas-de-ocasion\/\",\"name\":\"Barricas de ocasi\u00f3n y de segunda mano.\",\"isPartOf\":{\"@id\":\"https:\/\/barricasdemadera.com\/blog\/#website\"},\"primaryImageOfPage\":{\"@id\":\"https:\/\/barricasdemadera.com\/blog\/barricas-de-ocasion\/#primaryimage\"},\"image\":{\"@id\":\"https:\/\/barricasdemadera.com\/blog\/barricas-de-ocasion\/#primaryimage\"},\"thumbnailUrl\":\"https:\/\/barricasdemadera.com\/blog\/wp-content\/uploads\/2013\/09\/Barricas-Toneles-Cubas-Barriles-de-madera-para-decoraci\u00f3n-Mod-07-02.jpg\",\"datePublished\":\"2013-09-10T20:05:51+00:00\",\"dateModified\":\"2013-09-10T20:27:09+00:00\",\"author\":{\"@id\":\"https:\/\/barricasdemadera.com\/blog\/#\/schema\/person\/febf58d94c9a8028589ac78a738329da\"},\"description\":\"Barricas usadas por tan solo 42,35\u20ac. Madera de roble, 225 litros de capacidad, 95 cm de altura, 75 cm de di\u00e1metro. Promoci\u00f3n limitada.\",\"breadcrumb\":{\"@id\":\"https:\/\/barricasdemadera.com\/blog\/barricas-de-ocasion\/#breadcrumb\"},\"inLanguage\":\"es\",\"potentialAction\":[{\"@type\":\"ReadAction\",\"target\":[\"https:\/\/barricasdemadera.com\/blog\/barricas-de-ocasion\/\"]}]},{\"@type\":\"ImageObject\",\"inLanguage\":\"es\",\"@id\":\"https:\/\/barricasdemadera.com\/blog\/barricas-de-ocasion\/#primaryimage\",\"url\":\"https:\/\/barricasdemadera.com\/blog\/wp-content\/uploads\/2013\/09\/Barricas-Toneles-Cubas-Barriles-de-madera-para-decoraci\u00f3n-Mod-07-02.jpg\",\"contentUrl\":\"https:\/\/barricasdemadera.com\/blog\/wp-content\/uploads\/2013\/09\/Barricas-Toneles-Cubas-Barriles-de-madera-para-decoraci\u00f3n-Mod-07-02.jpg\",\"width\":500,\"height\":500,\"caption\":\"barricas de ocasi\u00f3n\"},{\"@type\":\"BreadcrumbList\",\"@id\":\"https:\/\/barricasdemadera.com\/blog\/barricas-de-ocasion\/#breadcrumb\",\"itemListElement\":[{\"@type\":\"ListItem\",\"position\":1,\"name\":\"barricas ocasi\u00f3n\",\"item\":\"https:\/\/barricasdemadera.com\/blog\/tag\/barricas-ocasion\/\"},{\"@type\":\"ListItem\",\"position\":2,\"name\":\"Barricas de ocasi\u00f3n\"}]},{\"@type\":\"WebSite\",\"@id\":\"https:\/\/barricasdemadera.com\/blog\/#website\",\"url\":\"https:\/\/barricasdemadera.com\/blog\/\",\"name\":\"BarricasDeMadera.com - Reciclaje y venta de barricas usadas\",\"description\":\"Tienda de barricas de madera usadas online\",\"potentialAction\":[{\"@type\":\"SearchAction\",\"target\":{\"@type\":\"EntryPoint\",\"urlTemplate\":\"https:\/\/barricasdemadera.com\/blog\/?s={search_term_string}\"},\"query-input\":{\"@type\":\"PropertyValueSpecification\",\"valueRequired\":true,\"valueName\":\"search_term_string\"}}],\"inLanguage\":\"es\"},{\"@type\":\"Person\",\"@id\":\"https:\/\/barricasdemadera.com\/blog\/#\/schema\/person\/febf58d94c9a8028589ac78a738329da\",\"name\":\"BarricasDeMadera.com\",\"image\":{\"@type\":\"ImageObject\",\"inLanguage\":\"es\",\"@id\":\"https:\/\/barricasdemadera.com\/blog\/#\/schema\/person\/image\/\",\"url\":\"https:\/\/secure.gravatar.com\/avatar\/21356ba8f4b232ed0f9b06f39f0991931534c799ff8457c1e03b934166590e26?s=96&d=mm&r=g\",\"contentUrl\":\"https:\/\/secure.gravatar.com\/avatar\/21356ba8f4b232ed0f9b06f39f0991931534c799ff8457c1e03b934166590e26?s=96&d=mm&r=g\",\"caption\":\"BarricasDeMadera.com\"},\"sameAs\":[\"https:\/\/barricasdemadera.com\",\"https:\/\/x.com\/@barricasmadera\"],\"url\":\"https:\/\/barricasdemadera.com\/blog\/author\/adminbarricas\/\"}]}<\/script>\n<!-- \/ Yoast SEO plugin. -->","yoast_head_json":{"title":"Barricas de ocasi\u00f3n y de segunda mano.","description":"Barricas usadas por tan solo 42,35\u20ac. Madera de roble, 225 litros de capacidad, 95 cm de altura, 75 cm de di\u00e1metro. Promoci\u00f3n limitada.","robots":{"index":"index","follow":"follow","max-snippet":"max-snippet:-1","max-image-preview":"max-image-preview:large","max-video-preview":"max-video-preview:-1"},"canonical":"https:\/\/barricasdemadera.com\/blog\/barricas-de-ocasion\/","og_locale":"es_ES","og_type":"article","og_title":"Barricas de ocasi\u00f3n y de segunda mano.","og_description":"Barricas usadas por tan solo 42,35\u20ac. Madera de roble, 225 litros de capacidad, 95 cm de altura, 75 cm de di\u00e1metro. Promoci\u00f3n limitada.","og_url":"https:\/\/barricasdemadera.com\/blog\/barricas-de-ocasion\/","og_site_name":"BarricasDeMadera.com - Reciclaje y venta de barricas usadas","article_publisher":"https:\/\/www.facebook.com\/barricasdemadera.es\/","article_published_time":"2013-09-10T20:05:51+00:00","article_modified_time":"2013-09-10T20:27:09+00:00","og_image":[{"width":500,"height":500,"url":"https:\/\/barricasdemadera.com\/blog\/wp-content\/uploads\/2013\/09\/Barricas-Toneles-Cubas-Barriles-de-madera-para-decoraci\u00f3n-Mod-07-02.jpg","type":"image\/jpeg"}],"author":"BarricasDeMadera.com","twitter_card":"summary_large_image","twitter_creator":"@barricasmadera","twitter_site":"@barricasmadera","twitter_misc":{"Escrito por":"BarricasDeMadera.com","Tiempo de lectura":"1 minuto"},"schema":{"@context":"https:\/\/schema.org","@graph":[{"@type":"WebPage","@id":"https:\/\/barricasdemadera.com\/blog\/barricas-de-ocasion\/","url":"https:\/\/barricasdemadera.com\/blog\/barricas-de-ocasion\/","name":"Barricas de ocasi\u00f3n y de segunda mano.","isPartOf":{"@id":"https:\/\/barricasdemadera.com\/blog\/#website"},"primaryImageOfPage":{"@id":"https:\/\/barricasdemadera.com\/blog\/barricas-de-ocasion\/#primaryimage"},"image":{"@id":"https:\/\/barricasdemadera.com\/blog\/barricas-de-ocasion\/#primaryimage"},"thumbnailUrl":"https:\/\/barricasdemadera.com\/blog\/wp-content\/uploads\/2013\/09\/Barricas-Toneles-Cubas-Barriles-de-madera-para-decoraci\u00f3n-Mod-07-02.jpg","datePublished":"2013-09-10T20:05:51+00:00","dateModified":"2013-09-10T20:27:09+00:00","author":{"@id":"https:\/\/barricasdemadera.com\/blog\/#\/schema\/person\/febf58d94c9a8028589ac78a738329da"},"description":"Barricas usadas por tan solo 42,35\u20ac. Madera de roble, 225 litros de capacidad, 95 cm de altura, 75 cm de di\u00e1metro. Promoci\u00f3n limitada.","breadcrumb":{"@id":"https:\/\/barricasdemadera.com\/blog\/barricas-de-ocasion\/#breadcrumb"},"inLanguage":"es","potentialAction":[{"@type":"ReadAction","target":["https:\/\/barricasdemadera.com\/blog\/barricas-de-ocasion\/"]}]},{"@type":"ImageObject","inLanguage":"es","@id":"https:\/\/barricasdemadera.com\/blog\/barricas-de-ocasion\/#primaryimage","url":"https:\/\/barricasdemadera.com\/blog\/wp-content\/uploads\/2013\/09\/Barricas-Toneles-Cubas-Barriles-de-madera-para-decoraci\u00f3n-Mod-07-02.jpg","contentUrl":"https:\/\/barricasdemadera.com\/blog\/wp-content\/uploads\/2013\/09\/Barricas-Toneles-Cubas-Barriles-de-madera-para-decoraci\u00f3n-Mod-07-02.jpg","width":500,"height":500,"caption":"barricas de ocasi\u00f3n"},{"@type":"BreadcrumbList","@id":"https:\/\/barricasdemadera.com\/blog\/barricas-de-ocasion\/#breadcrumb","itemListElement":[{"@type":"ListItem","position":1,"name":"barricas ocasi\u00f3n","item":"https:\/\/barricasdemadera.com\/blog\/tag\/barricas-ocasion\/"},{"@type":"ListItem","position":2,"name":"Barricas de ocasi\u00f3n"}]},{"@type":"WebSite","@id":"https:\/\/barricasdemadera.com\/blog\/#website","url":"https:\/\/barricasdemadera.com\/blog\/","name":"BarricasDeMadera.com - Reciclaje y venta de barricas usadas","description":"Tienda de barricas de madera usadas online","potentialAction":[{"@type":"SearchAction","target":{"@type":"EntryPoint","urlTemplate":"https:\/\/barricasdemadera.com\/blog\/?s={search_term_string}"},"query-input":{"@type":"PropertyValueSpecification","valueRequired":true,"valueName":"search_term_string"}}],"inLanguage":"es"},{"@type":"Person","@id":"https:\/\/barricasdemadera.com\/blog\/#\/schema\/person\/febf58d94c9a8028589ac78a738329da","name":"BarricasDeMadera.com","image":{"@type":"ImageObject","inLanguage":"es","@id":"https:\/\/barricasdemadera.com\/blog\/#\/schema\/person\/image\/","url":"https:\/\/secure.gravatar.com\/avatar\/21356ba8f4b232ed0f9b06f39f0991931534c799ff8457c1e03b934166590e26?s=96&d=mm&r=g","contentUrl":"https:\/\/secure.gravatar.com\/avatar\/21356ba8f4b232ed0f9b06f39f0991931534c799ff8457c1e03b934166590e26?s=96&d=mm&r=g","caption":"BarricasDeMadera.com"},"sameAs":["https:\/\/barricasdemadera.com","https:\/\/x.com\/@barricasmadera"],"url":"https:\/\/barricasdemadera.com\/blog\/author\/adminbarricas\/"}]}},"jetpack_featured_media_url":"https:\/\/barricasdemadera.com\/blog\/wp-content\/uploads\/2013\/09\/Barricas-Toneles-Cubas-Barriles-de-madera-para-decoraci\u00f3n-Mod-07-02.jpg","jetpack_shortlink":"https:\/\/wp.me\/p2UXAv-fp","jetpack_sharing_enabled":true,"_links":{"self":[{"href":"https:\/\/barricasdemadera.com\/blog\/wp-json\/wp\/v2\/posts\/955","targetHints":{"allow":["GET"]}}],"collection":[{"href":"https:\/\/barricasdemadera.com\/blog\/wp-json\/wp\/v2\/posts"}],"about":[{"href":"https:\/\/barricasdemadera.com\/blog\/wp-json\/wp\/v2\/types\/post"}],"author":[{"embeddable":true,"href":"https:\/\/barricasdemadera.com\/blog\/wp-json\/wp\/v2\/users\/1"}],"replies":[{"embeddable":true,"href":"https:\/\/barricasdemadera.com\/blog\/wp-json\/wp\/v2\/comments?post=955"}],"version-history":[{"count":3,"href":"https:\/\/barricasdemadera.com\/blog\/wp-json\/wp\/v2\/posts\/955\/revisions"}],"predecessor-version":[{"id":960,"href":"https:\/\/barricasdemadera.com\/blog\/wp-json\/wp\/v2\/posts\/955\/revisions\/960"}],"wp:featuredmedia":[{"embeddable":true,"href":"https:\/\/barricasdemadera.com\/blog\/wp-json\/wp\/v2\/media\/957"}],"wp:attachment":[{"href":"https:\/\/barricasdemadera.com\/blog\/wp-json\/wp\/v2\/media?parent=955"}],"wp:term":[{"taxonomy":"category","embeddable":true,"href":"https:\/\/barricasdemadera.com\/blog\/wp-json\/wp\/v2\/categories?post=955"},{"taxonomy":"post_tag","embeddable":true,"href":"https:\/\/barricasdemadera.com\/blog\/wp-json\/wp\/v2\/tags?post=955"}],"curies":[{"name":"wp","href":"https:\/\/api.w.org\/{rel}","templated":true}]}}