{"id":911,"date":"2013-07-04T08:56:56","date_gmt":"2013-07-04T07:56:56","guid":{"rendered":"https:\/\/barricasdemadera.com\/blog\/?p=911"},"modified":"2013-07-04T08:56:56","modified_gmt":"2013-07-04T07:56:56","slug":"barricas-usadas-en-liquidacion","status":"publish","type":"post","link":"https:\/\/barricasdemadera.com\/blog\/barricas-usadas-en-liquidacion\/","title":{"rendered":"Barricas usadas en liquidaci\u00f3n"},"content":{"rendered":"<p style=\"text-align: justify;\">Ya puedes conseguir tus <strong>barricas usadas<\/strong> con las mejores condiciones. A partir de hoy, las\u00a0<a href=\"https:\/\/barricasdemadera.com\/barricas-de-madera-225-litros-mod-00M6\" class=\"broken_link\">Barricas de madera 225 litros mod. 00M6<\/a>\u00a0est\u00e1n disponibles con un <strong>descuento importante<\/strong> y su precio final (IVA incluido) es de <strong>60,50\u20ac<\/strong>. Son las \u00faltimas unidades que van quedando en nuestro almac\u00e9n y <strong>rebajamos su precio<\/strong> habitual para liquidarlas.<\/p>\n<p class=\"jetpack-slideshow-noscript robots-nocontent\">El pase de diapositivas requiere JavaScript.<\/p><div id=\"gallery-911-1-slideshow\" class=\"jetpack-slideshow-window jetpack-slideshow jetpack-slideshow-black\" data-trans=\"fade\" data-autostart=\"1\" data-gallery=\"[{&quot;src&quot;:&quot;https:\\\/\\\/barricasdemadera.com\\\/blog\\\/wp-content\\\/uploads\\\/2013\\\/06\\\/barricas-decoracion-comprar.jpg&quot;,&quot;id&quot;:&quot;853&quot;,&quot;title&quot;:&quot;barricas-decoracion-comprar&quot;,&quot;alt&quot;:&quot;&quot;,&quot;caption&quot;:&quot;&quot;,&quot;itemprop&quot;:&quot;image&quot;},{&quot;src&quot;:&quot;https:\\\/\\\/barricasdemadera.com\\\/blog\\\/wp-content\\\/uploads\\\/2013\\\/06\\\/barriles-de-vino.jpg&quot;,&quot;id&quot;:&quot;813&quot;,&quot;title&quot;:&quot;barriles-de-vino&quot;,&quot;alt&quot;:&quot;&quot;,&quot;caption&quot;:&quot;&quot;,&quot;itemprop&quot;:&quot;image&quot;},{&quot;src&quot;:&quot;https:\\\/\\\/barricasdemadera.com\\\/blog\\\/wp-content\\\/uploads\\\/2013\\\/06\\\/Barricas-Toneles-Cubas-Barriles-de-madera-225-litros-Mod_006M_01_BDM.jpg&quot;,&quot;id&quot;:&quot;705&quot;,&quot;title&quot;:&quot;Barricas Toneles Cubas Barriles de madera 225 litros Mod_006M_01_BDM&quot;,&quot;alt&quot;:&quot;barricas usadas, comprar barriles, barriles de madera, toneles de vino, cubas de roble, barricas de roble&quot;,&quot;caption&quot;:&quot;&quot;,&quot;itemprop&quot;:&quot;image&quot;},{&quot;src&quot;:&quot;https:\\\/\\\/barricasdemadera.com\\\/blog\\\/wp-content\\\/uploads\\\/2013\\\/01\\\/Env\\u00edos-de-barricas-de-madera-usadas-para-decoraci\\u00f3n-de-bar.jpg&quot;,&quot;id&quot;:&quot;469&quot;,&quot;title&quot;:&quot;Env\\u00edos de barricas de madera usadas para decoraci\\u00f3n de bar&quot;,&quot;alt&quot;:&quot;Env\\u00edos de barricas de madera usadas para decoraci\\u00f3n de bar&quot;,&quot;caption&quot;:&quot;&quot;,&quot;itemprop&quot;:&quot;image&quot;},{&quot;src&quot;:&quot;https:\\\/\\\/barricasdemadera.com\\\/blog\\\/wp-content\\\/uploads\\\/2012\\\/12\\\/Barricas-Toneles-Cubas-Barriles-de-madera-usadas-de-225-litros-1.jpg&quot;,&quot;id&quot;:&quot;291&quot;,&quot;title&quot;:&quot;Barricas Toneles Cubas Barriles de madera usadas de 225 litros (1)&quot;,&quot;alt&quot;:&quot;Barricas Toneles Cubas Barriles de madera usadas de 225 litros (1)&quot;,&quot;caption&quot;:&quot;&quot;,&quot;itemprop&quot;:&quot;image&quot;},{&quot;src&quot;:&quot;https:\\\/\\\/barricasdemadera.com\\\/blog\\\/wp-content\\\/uploads\\\/2012\\\/12\\\/Barricas-Toneles-Cubas-Barriles-de-madera-usadas-de-225-litros-2.jpg&quot;,&quot;id&quot;:&quot;292&quot;,&quot;title&quot;:&quot;Barricas Toneles Cubas Barriles de madera usadas de 225 litros (2)&quot;,&quot;alt&quot;:&quot;Barricas Toneles Cubas Barriles de madera usadas de 225 litros (2)&quot;,&quot;caption&quot;:&quot;&quot;,&quot;itemprop&quot;:&quot;image&quot;}]\" itemscope itemtype=\"https:\/\/schema.org\/ImageGallery\"><\/div>\n<p><a href=\"https:\/\/barricasdemadera.com\/blog\/wp-content\/uploads\/2013\/06\/comprar-barricas-usadas.jpg\"><br \/>\n<\/a><\/p>\n<p style=\"text-align: justify;\">\n<p style=\"text-align: justify;\">\n<p style=\"text-align: justify;\">Las\u00a0<a href=\"https:\/\/barricasdemadera.com\/barricas-de-madera-225-litros-mod-00M6\" class=\"broken_link\">Barricas de madera 225 litros mod. 00M6<\/a>\u00a0miden 95cm de altura, 70cm de di\u00e1metro m\u00e1xima a media altura y 58-60cm de di\u00e1metro en los fondos.<\/p>\n<p style=\"text-align: justify;\">Estas barricas est\u00e1n en <strong>perfecto estado<\/strong>, limpiadas y desinfectas en su interior, con un inmejorable aspecto exterior, como se puede ver en las fotos, son de madera de roble franc\u00e9s la mayor\u00eda de ellas y llevan los cellos (aros met\u00e1licos) fijados a la madera con un clavo para mantenerlos en su posici\u00f3n y haga que la barrica se mantenga ajustada.<\/p>\n<p style=\"text-align: justify;\">Este modelo de barricas nos llega de forma puntual, en peque\u00f1as cantidades y han sido <strong>cuidadas y tratadas con mucho esmero<\/strong>, por ello tienen tan buen aspecto sin apenas roces o marcas, a excepci\u00f3n de algunas manchas en la boca de la barrica que es casi inevitable.<\/p>\n<p style=\"text-align: justify;\">Si las quieres utilizar como <strong>dep\u00f3sito ecol\u00f3gico para agua de lluvia<\/strong>, contar\u00e1s con 225 litros por cada barrica, teniendo adem\u00e1s en tu jard\u00edn un <strong>elemento decorativo<\/strong> al que dar una segunda vida, sostenible y muy bonito.<\/p>\n<p style=\"text-align: justify;\">Enviamos las barricas a toda Espa\u00f1a en s\u00f3lo 24-48 horas desde nuestro almac\u00e9n situado en la provincia de Toledo y, si lo prefieres, puedes venir a visitarnos llamando previamente al 678755023.<\/p>\n<p style=\"text-align: justify;\">Consigue ya tus barricas usadas en nuestra <strong>tienda online<\/strong> <a title=\"Tienda de barricas usadas\" href=\"http:\/\/www.BarricasDeMadera.com\" target=\"_blank\">www.BarricasDeMadera.com<\/a><\/p>\n<p style=\"text-align: justify;\">\n<p style=\"text-align: justify;\"><strong>\u00a1Aprovecha esta ocasi\u00f3n y no te quedes sin ellas!<\/strong><\/p>\n<p style=\"text-align: justify;\">\n","protected":false},"excerpt":{"rendered":"<p>Ya puedes conseguir tus barricas usadas con las mejores condiciones. A partir de hoy, las\u00a0Barricas de madera 225 litros mod. 00M6\u00a0est\u00e1n disponibles con un descuento importante y su precio final (IVA incluido) es de 60,50\u20ac. Son las \u00faltimas unidades que &hellip; <a href=\"https:\/\/barricasdemadera.com\/blog\/barricas-usadas-en-liquidacion\/\">Sigue leyendo <span class=\"meta-nav\">&rarr;<\/span><\/a><\/p>\n","protected":false},"author":1,"featured_media":705,"comment_status":"open","ping_status":"closed","sticky":false,"template":"","format":"standard","meta":{"_jetpack_newsletter_access":"","_jetpack_dont_email_post_to_subs":false,"_jetpack_newsletter_tier_id":0,"_jetpack_memberships_contains_paywalled_content":false,"_jetpack_memberships_contains_paid_content":false,"footnotes":""},"categories":[5],"tags":[17,269,11,267,133,7,268],"class_list":["post-911","post","type-post","status-publish","format-standard","has-post-thumbnail","hentry","category-barricas-usadas","tag-barricas-baratas","tag-barricas-oferta","tag-barriles-de-madera","tag-barriles-de-vino-venta","tag-barriles-usados","tag-comprar-barricas","tag-toneles-de-vino-usados"],"yoast_head":"<!-- This site is optimized with the Yoast SEO plugin v24.3 - https:\/\/yoast.com\/wordpress\/plugins\/seo\/ -->\n<title>Barricas usadas en liquidaci\u00f3n<\/title>\n<meta name=\"description\" content=\"Aprovecha nuestra oferta en barricas de madera usadas para decoraci\u00f3n de terrazas, bares o jardines. \u00a1Reutiliza, recicla, reinventa!\" \/>\n<meta name=\"robots\" content=\"index, follow, max-snippet:-1, max-image-preview:large, max-video-preview:-1\" \/>\n<link rel=\"canonical\" href=\"https:\/\/barricasdemadera.com\/blog\/barricas-usadas-en-liquidacion\/\" \/>\n<meta property=\"og:locale\" content=\"es_ES\" \/>\n<meta property=\"og:type\" content=\"article\" \/>\n<meta property=\"og:title\" content=\"Barricas usadas en liquidaci\u00f3n\" \/>\n<meta property=\"og:description\" content=\"Aprovecha nuestra oferta en barricas de madera usadas para decoraci\u00f3n de terrazas, bares o jardines. \u00a1Reutiliza, recicla, reinventa!\" \/>\n<meta property=\"og:url\" content=\"https:\/\/barricasdemadera.com\/blog\/barricas-usadas-en-liquidacion\/\" \/>\n<meta property=\"og:site_name\" content=\"BarricasDeMadera.com - Reciclaje y venta de barricas usadas\" \/>\n<meta property=\"article:publisher\" content=\"https:\/\/www.facebook.com\/barricasdemadera.es\/\" \/>\n<meta property=\"article:published_time\" content=\"2013-07-04T07:56:56+00:00\" \/>\n<meta property=\"og:image\" content=\"https:\/\/barricasdemadera.com\/blog\/wp-content\/uploads\/2013\/06\/Barricas-Toneles-Cubas-Barriles-de-madera-225-litros-Mod_006M_01_BDM.jpg\" \/>\n\t<meta property=\"og:image:width\" content=\"533\" \/>\n\t<meta property=\"og:image:height\" content=\"800\" \/>\n\t<meta property=\"og:image:type\" content=\"image\/jpeg\" \/>\n<meta name=\"author\" content=\"BarricasDeMadera.com\" \/>\n<meta name=\"twitter:card\" content=\"summary_large_image\" \/>\n<meta name=\"twitter:creator\" content=\"@barricasmadera\" \/>\n<meta name=\"twitter:site\" content=\"@barricasmadera\" \/>\n<meta name=\"twitter:label1\" content=\"Escrito por\" \/>\n\t<meta name=\"twitter:data1\" content=\"BarricasDeMadera.com\" \/>\n\t<meta name=\"twitter:label2\" content=\"Tiempo de lectura\" \/>\n\t<meta name=\"twitter:data2\" content=\"1 minuto\" \/>\n<script type=\"application\/ld+json\" class=\"yoast-schema-graph\">{\"@context\":\"https:\/\/schema.org\",\"@graph\":[{\"@type\":\"WebPage\",\"@id\":\"https:\/\/barricasdemadera.com\/blog\/barricas-usadas-en-liquidacion\/\",\"url\":\"https:\/\/barricasdemadera.com\/blog\/barricas-usadas-en-liquidacion\/\",\"name\":\"Barricas usadas en liquidaci\u00f3n\",\"isPartOf\":{\"@id\":\"https:\/\/barricasdemadera.com\/blog\/#website\"},\"primaryImageOfPage\":{\"@id\":\"https:\/\/barricasdemadera.com\/blog\/barricas-usadas-en-liquidacion\/#primaryimage\"},\"image\":{\"@id\":\"https:\/\/barricasdemadera.com\/blog\/barricas-usadas-en-liquidacion\/#primaryimage\"},\"thumbnailUrl\":\"https:\/\/barricasdemadera.com\/blog\/wp-content\/uploads\/2013\/06\/Barricas-Toneles-Cubas-Barriles-de-madera-225-litros-Mod_006M_01_BDM.jpg\",\"datePublished\":\"2013-07-04T07:56:56+00:00\",\"dateModified\":\"2013-07-04T07:56:56+00:00\",\"author\":{\"@id\":\"https:\/\/barricasdemadera.com\/blog\/#\/schema\/person\/febf58d94c9a8028589ac78a738329da\"},\"description\":\"Aprovecha nuestra oferta en barricas de madera usadas para decoraci\u00f3n de terrazas, bares o jardines. \u00a1Reutiliza, recicla, reinventa!\",\"breadcrumb\":{\"@id\":\"https:\/\/barricasdemadera.com\/blog\/barricas-usadas-en-liquidacion\/#breadcrumb\"},\"inLanguage\":\"es\",\"potentialAction\":[{\"@type\":\"ReadAction\",\"target\":[\"https:\/\/barricasdemadera.com\/blog\/barricas-usadas-en-liquidacion\/\"]}]},{\"@type\":\"ImageObject\",\"inLanguage\":\"es\",\"@id\":\"https:\/\/barricasdemadera.com\/blog\/barricas-usadas-en-liquidacion\/#primaryimage\",\"url\":\"https:\/\/barricasdemadera.com\/blog\/wp-content\/uploads\/2013\/06\/Barricas-Toneles-Cubas-Barriles-de-madera-225-litros-Mod_006M_01_BDM.jpg\",\"contentUrl\":\"https:\/\/barricasdemadera.com\/blog\/wp-content\/uploads\/2013\/06\/Barricas-Toneles-Cubas-Barriles-de-madera-225-litros-Mod_006M_01_BDM.jpg\",\"width\":533,\"height\":800,\"caption\":\"barricas usadas, comprar barriles, barriles de madera, toneles de vino, cubas de roble, barricas de roble\"},{\"@type\":\"BreadcrumbList\",\"@id\":\"https:\/\/barricasdemadera.com\/blog\/barricas-usadas-en-liquidacion\/#breadcrumb\",\"itemListElement\":[{\"@type\":\"ListItem\",\"position\":1,\"name\":\"barricas baratas\",\"item\":\"https:\/\/barricasdemadera.com\/blog\/tag\/barricas-baratas\/\"},{\"@type\":\"ListItem\",\"position\":2,\"name\":\"Barricas usadas en liquidaci\u00f3n\"}]},{\"@type\":\"WebSite\",\"@id\":\"https:\/\/barricasdemadera.com\/blog\/#website\",\"url\":\"https:\/\/barricasdemadera.com\/blog\/\",\"name\":\"BarricasDeMadera.com - Reciclaje y venta de barricas usadas\",\"description\":\"Tienda de barricas de madera usadas online\",\"potentialAction\":[{\"@type\":\"SearchAction\",\"target\":{\"@type\":\"EntryPoint\",\"urlTemplate\":\"https:\/\/barricasdemadera.com\/blog\/?s={search_term_string}\"},\"query-input\":{\"@type\":\"PropertyValueSpecification\",\"valueRequired\":true,\"valueName\":\"search_term_string\"}}],\"inLanguage\":\"es\"},{\"@type\":\"Person\",\"@id\":\"https:\/\/barricasdemadera.com\/blog\/#\/schema\/person\/febf58d94c9a8028589ac78a738329da\",\"name\":\"BarricasDeMadera.com\",\"image\":{\"@type\":\"ImageObject\",\"inLanguage\":\"es\",\"@id\":\"https:\/\/barricasdemadera.com\/blog\/#\/schema\/person\/image\/\",\"url\":\"https:\/\/secure.gravatar.com\/avatar\/21356ba8f4b232ed0f9b06f39f0991931534c799ff8457c1e03b934166590e26?s=96&d=mm&r=g\",\"contentUrl\":\"https:\/\/secure.gravatar.com\/avatar\/21356ba8f4b232ed0f9b06f39f0991931534c799ff8457c1e03b934166590e26?s=96&d=mm&r=g\",\"caption\":\"BarricasDeMadera.com\"},\"sameAs\":[\"https:\/\/barricasdemadera.com\",\"https:\/\/x.com\/@barricasmadera\"],\"url\":\"https:\/\/barricasdemadera.com\/blog\/author\/adminbarricas\/\"}]}<\/script>\n<!-- \/ Yoast SEO plugin. -->","yoast_head_json":{"title":"Barricas usadas en liquidaci\u00f3n","description":"Aprovecha nuestra oferta en barricas de madera usadas para decoraci\u00f3n de terrazas, bares o jardines. \u00a1Reutiliza, recicla, reinventa!","robots":{"index":"index","follow":"follow","max-snippet":"max-snippet:-1","max-image-preview":"max-image-preview:large","max-video-preview":"max-video-preview:-1"},"canonical":"https:\/\/barricasdemadera.com\/blog\/barricas-usadas-en-liquidacion\/","og_locale":"es_ES","og_type":"article","og_title":"Barricas usadas en liquidaci\u00f3n","og_description":"Aprovecha nuestra oferta en barricas de madera usadas para decoraci\u00f3n de terrazas, bares o jardines. \u00a1Reutiliza, recicla, reinventa!","og_url":"https:\/\/barricasdemadera.com\/blog\/barricas-usadas-en-liquidacion\/","og_site_name":"BarricasDeMadera.com - Reciclaje y venta de barricas usadas","article_publisher":"https:\/\/www.facebook.com\/barricasdemadera.es\/","article_published_time":"2013-07-04T07:56:56+00:00","og_image":[{"width":533,"height":800,"url":"https:\/\/barricasdemadera.com\/blog\/wp-content\/uploads\/2013\/06\/Barricas-Toneles-Cubas-Barriles-de-madera-225-litros-Mod_006M_01_BDM.jpg","type":"image\/jpeg"}],"author":"BarricasDeMadera.com","twitter_card":"summary_large_image","twitter_creator":"@barricasmadera","twitter_site":"@barricasmadera","twitter_misc":{"Escrito por":"BarricasDeMadera.com","Tiempo de lectura":"1 minuto"},"schema":{"@context":"https:\/\/schema.org","@graph":[{"@type":"WebPage","@id":"https:\/\/barricasdemadera.com\/blog\/barricas-usadas-en-liquidacion\/","url":"https:\/\/barricasdemadera.com\/blog\/barricas-usadas-en-liquidacion\/","name":"Barricas usadas en liquidaci\u00f3n","isPartOf":{"@id":"https:\/\/barricasdemadera.com\/blog\/#website"},"primaryImageOfPage":{"@id":"https:\/\/barricasdemadera.com\/blog\/barricas-usadas-en-liquidacion\/#primaryimage"},"image":{"@id":"https:\/\/barricasdemadera.com\/blog\/barricas-usadas-en-liquidacion\/#primaryimage"},"thumbnailUrl":"https:\/\/barricasdemadera.com\/blog\/wp-content\/uploads\/2013\/06\/Barricas-Toneles-Cubas-Barriles-de-madera-225-litros-Mod_006M_01_BDM.jpg","datePublished":"2013-07-04T07:56:56+00:00","dateModified":"2013-07-04T07:56:56+00:00","author":{"@id":"https:\/\/barricasdemadera.com\/blog\/#\/schema\/person\/febf58d94c9a8028589ac78a738329da"},"description":"Aprovecha nuestra oferta en barricas de madera usadas para decoraci\u00f3n de terrazas, bares o jardines. \u00a1Reutiliza, recicla, reinventa!","breadcrumb":{"@id":"https:\/\/barricasdemadera.com\/blog\/barricas-usadas-en-liquidacion\/#breadcrumb"},"inLanguage":"es","potentialAction":[{"@type":"ReadAction","target":["https:\/\/barricasdemadera.com\/blog\/barricas-usadas-en-liquidacion\/"]}]},{"@type":"ImageObject","inLanguage":"es","@id":"https:\/\/barricasdemadera.com\/blog\/barricas-usadas-en-liquidacion\/#primaryimage","url":"https:\/\/barricasdemadera.com\/blog\/wp-content\/uploads\/2013\/06\/Barricas-Toneles-Cubas-Barriles-de-madera-225-litros-Mod_006M_01_BDM.jpg","contentUrl":"https:\/\/barricasdemadera.com\/blog\/wp-content\/uploads\/2013\/06\/Barricas-Toneles-Cubas-Barriles-de-madera-225-litros-Mod_006M_01_BDM.jpg","width":533,"height":800,"caption":"barricas usadas, comprar barriles, barriles de madera, toneles de vino, cubas de roble, barricas de roble"},{"@type":"BreadcrumbList","@id":"https:\/\/barricasdemadera.com\/blog\/barricas-usadas-en-liquidacion\/#breadcrumb","itemListElement":[{"@type":"ListItem","position":1,"name":"barricas baratas","item":"https:\/\/barricasdemadera.com\/blog\/tag\/barricas-baratas\/"},{"@type":"ListItem","position":2,"name":"Barricas usadas en liquidaci\u00f3n"}]},{"@type":"WebSite","@id":"https:\/\/barricasdemadera.com\/blog\/#website","url":"https:\/\/barricasdemadera.com\/blog\/","name":"BarricasDeMadera.com - Reciclaje y venta de barricas usadas","description":"Tienda de barricas de madera usadas online","potentialAction":[{"@type":"SearchAction","target":{"@type":"EntryPoint","urlTemplate":"https:\/\/barricasdemadera.com\/blog\/?s={search_term_string}"},"query-input":{"@type":"PropertyValueSpecification","valueRequired":true,"valueName":"search_term_string"}}],"inLanguage":"es"},{"@type":"Person","@id":"https:\/\/barricasdemadera.com\/blog\/#\/schema\/person\/febf58d94c9a8028589ac78a738329da","name":"BarricasDeMadera.com","image":{"@type":"ImageObject","inLanguage":"es","@id":"https:\/\/barricasdemadera.com\/blog\/#\/schema\/person\/image\/","url":"https:\/\/secure.gravatar.com\/avatar\/21356ba8f4b232ed0f9b06f39f0991931534c799ff8457c1e03b934166590e26?s=96&d=mm&r=g","contentUrl":"https:\/\/secure.gravatar.com\/avatar\/21356ba8f4b232ed0f9b06f39f0991931534c799ff8457c1e03b934166590e26?s=96&d=mm&r=g","caption":"BarricasDeMadera.com"},"sameAs":["https:\/\/barricasdemadera.com","https:\/\/x.com\/@barricasmadera"],"url":"https:\/\/barricasdemadera.com\/blog\/author\/adminbarricas\/"}]}},"jetpack_featured_media_url":"https:\/\/barricasdemadera.com\/blog\/wp-content\/uploads\/2013\/06\/Barricas-Toneles-Cubas-Barriles-de-madera-225-litros-Mod_006M_01_BDM.jpg","jetpack_shortlink":"https:\/\/wp.me\/p2UXAv-eH","jetpack_sharing_enabled":true,"_links":{"self":[{"href":"https:\/\/barricasdemadera.com\/blog\/wp-json\/wp\/v2\/posts\/911","targetHints":{"allow":["GET"]}}],"collection":[{"href":"https:\/\/barricasdemadera.com\/blog\/wp-json\/wp\/v2\/posts"}],"about":[{"href":"https:\/\/barricasdemadera.com\/blog\/wp-json\/wp\/v2\/types\/post"}],"author":[{"embeddable":true,"href":"https:\/\/barricasdemadera.com\/blog\/wp-json\/wp\/v2\/users\/1"}],"replies":[{"embeddable":true,"href":"https:\/\/barricasdemadera.com\/blog\/wp-json\/wp\/v2\/comments?post=911"}],"version-history":[{"count":4,"href":"https:\/\/barricasdemadera.com\/blog\/wp-json\/wp\/v2\/posts\/911\/revisions"}],"predecessor-version":[{"id":915,"href":"https:\/\/barricasdemadera.com\/blog\/wp-json\/wp\/v2\/posts\/911\/revisions\/915"}],"wp:featuredmedia":[{"embeddable":true,"href":"https:\/\/barricasdemadera.com\/blog\/wp-json\/wp\/v2\/media\/705"}],"wp:attachment":[{"href":"https:\/\/barricasdemadera.com\/blog\/wp-json\/wp\/v2\/media?parent=911"}],"wp:term":[{"taxonomy":"category","embeddable":true,"href":"https:\/\/barricasdemadera.com\/blog\/wp-json\/wp\/v2\/categories?post=911"},{"taxonomy":"post_tag","embeddable":true,"href":"https:\/\/barricasdemadera.com\/blog\/wp-json\/wp\/v2\/tags?post=911"}],"curies":[{"name":"wp","href":"https:\/\/api.w.org\/{rel}","templated":true}]}}