{"id":730,"date":"2013-06-17T20:46:48","date_gmt":"2013-06-17T19:46:48","guid":{"rendered":"https:\/\/barricasdemadera.com\/blog\/?p=730"},"modified":"2013-06-17T17:21:36","modified_gmt":"2013-06-17T16:21:36","slug":"oferta-en-barricas-usadas","status":"publish","type":"post","link":"https:\/\/barricasdemadera.com\/blog\/oferta-en-barricas-usadas\/","title":{"rendered":"Oferta en barricas usadas"},"content":{"rendered":"<p style=\"text-align: justify;\">\u00a1Hoy venimos con buenas noticias para nuestr@s amig@s! Desde hoy mismo y hasta el 30 de junio, las\u00a0<a href=\"https:\/\/barricasdemadera.com\/barricas-usadas-225-litros-mod-07\" class=\"broken_link\">Barricas usadas 225 litros Mod. 07<\/a>\u00a0las podr\u00e9is conseguir con un <strong>descuento adicional de un 10%<\/strong> s\u00f3lo por haber visitado nuestro blog. Ya ha llegado el verano y los jardines y terrazas se llenan de gente: amigos, familiares y vecinos. Aprovecha nuestra promoci\u00f3n para decorar tu casa con estas <strong>aut\u00e9nticas\u00a0barricas de vino.<\/strong><\/p>\n<p style=\"text-align: center;\"><a style=\"font-style: normal; line-height: 24px; text-decoration: underline; text-align: justify;\" href=\"https:\/\/barricasdemadera.com\/barricas-usadas-225-litros-mod-07\" class=\"broken_link\"><img loading=\"lazy\" decoding=\"async\" data-attachment-id=\"678\" data-permalink=\"https:\/\/barricasdemadera.com\/blog\/barricas-usadas-mod-07-225-litros\/barricas-usadas-toneles-de-madera-cubas-de-vino-mod-07_03_\/\" data-orig-file=\"https:\/\/barricasdemadera.com\/blog\/wp-content\/uploads\/2013\/04\/Barricas-usadas-toneles-de-madera-cubas-de-vino-Mod-07_03_.jpg\" data-orig-size=\"800,533\" data-comments-opened=\"1\" data-image-meta=\"{&quot;aperture&quot;:&quot;3.5&quot;,&quot;credit&quot;:&quot;&quot;,&quot;camera&quot;:&quot;Canon EOS 500D&quot;,&quot;caption&quot;:&quot;&quot;,&quot;created_timestamp&quot;:&quot;1365449849&quot;,&quot;copyright&quot;:&quot;&quot;,&quot;focal_length&quot;:&quot;18&quot;,&quot;iso&quot;:&quot;1600&quot;,&quot;shutter_speed&quot;:&quot;0.066666666666667&quot;,&quot;title&quot;:&quot;&quot;}\" data-image-title=\"Barricas usadas, toneles de madera, cubas de vino Mod 07_03_\" data-image-description=\"\" data-image-caption=\"\" data-medium-file=\"https:\/\/barricasdemadera.com\/blog\/wp-content\/uploads\/2013\/04\/Barricas-usadas-toneles-de-madera-cubas-de-vino-Mod-07_03_-300x199.jpg\" data-large-file=\"https:\/\/barricasdemadera.com\/blog\/wp-content\/uploads\/2013\/04\/Barricas-usadas-toneles-de-madera-cubas-de-vino-Mod-07_03_.jpg\" class=\"aligncenter  wp-image-678\" style=\"border-color: #bbbbbb; margin-top: 0.4em; background-color: #eeeeee;\" alt=\"Barricas para decoraci\u00f3n, barricas terraza, comprar barricas, toneles online\" src=\"https:\/\/barricasdemadera.com\/blog\/wp-content\/uploads\/2013\/04\/Barricas-usadas-toneles-de-madera-cubas-de-vino-Mod-07_03_.jpg\" width=\"800\" height=\"533\" srcset=\"https:\/\/barricasdemadera.com\/blog\/wp-content\/uploads\/2013\/04\/Barricas-usadas-toneles-de-madera-cubas-de-vino-Mod-07_03_.jpg 800w, https:\/\/barricasdemadera.com\/blog\/wp-content\/uploads\/2013\/04\/Barricas-usadas-toneles-de-madera-cubas-de-vino-Mod-07_03_-300x199.jpg 300w, https:\/\/barricasdemadera.com\/blog\/wp-content\/uploads\/2013\/04\/Barricas-usadas-toneles-de-madera-cubas-de-vino-Mod-07_03_-450x300.jpg 450w\" sizes=\"auto, (max-width: 800px) 100vw, 800px\" \/><\/a><\/p>\n<p style=\"text-align: justify;\">Os contamos c\u00f3mo conseguirlo:<\/p>\n<p style=\"text-align: justify;\">&#8211; Entrad en <a title=\"Tienda de barricas online\" href=\"https:\/\/barricasdemadera.com\" target=\"_blank\">www.BarricasDeMadera.com<\/a><\/p>\n<p style=\"text-align: justify;\">&#8211; En el apartado\u00a0<a href=\"https:\/\/barricasdemadera.com\/barricas-en-crudo\" class=\"broken_link\">Barricas en crudo<\/a>\u00a0del men\u00fa, buscad\u00a0<a href=\"https:\/\/barricasdemadera.com\/barricas-en-crudo\/barricas-usadas-225-litros-mod-07\" class=\"broken_link\">Barricas usadas 225 litros Mod. 07<\/a>.<\/p>\n<p style=\"text-align: justify;\">&#8211; A\u00f1adid la cantidad de barricas deseada a la cesta y haced click en el bot\u00f3n \u00abComprar\u00bb. Id a la cesta y en el apartado \u00ab\u00bfQue desea hacer?\u00bb, click en \u00abUsar C\u00f3digo de Cup\u00f3n\u00bb. El c\u00f3digo promocional a introducir es: yoreciclo . Haced click en \u00abUtilizar cup\u00f3n\u00bb y autom\u00e1ticamente se aplicar\u00e1 un descuento del 10% en vuestra compra.<\/p>\n<p style=\"text-align: justify;\">Las barricas son elementos <strong>f\u00e1cilmente reciclables<\/strong>. Si tienes tiempo y te gusta el bricolaje puedes partirlas, lijarlas, pintarlas, decorarlas&#8230;las puedes reinventar, desarmar y aprovechar sus duelas, aprovecharlas como dep\u00f3sito de agua de lluvia para regar las plantas del jard\u00edn, etc.<\/p>\n<p style=\"text-align: justify;\"><strong>Enviamos barricas a toda Espa\u00f1a<\/strong> y a clientes diversos que las utilizan para muchos usos,si os anim\u00e1is pod\u00e9is visitar nuestra secci\u00f3n\u00a0<a href=\"https:\/\/barricasdemadera.com\/fotos-de-clientes\">Fotos de clientes<\/a>\u00a0donde encontrar\u00e9is algunas de las fotos que nos env\u00edan nuestros clientes desde toda Espa\u00f1a.<\/p>\n<p style=\"text-align: justify;\">\u00a1Recordad que la promoci\u00f3n es v\u00e1lida\u00a0<strong>s\u00f3lo hasta el 30\/06<\/strong> y \u00a0<strong>las unidades son limitadas<\/strong>!\u00a1No te quedes sin ellas!<\/p>\n<p style=\"text-align: justify;\">Si tiene cualquier duda sobre el proceso de aplicaci\u00f3n del c\u00f3digo descuento, <a title=\"Contactar con BarricasDeMadera.com\" href=\"https:\/\/barricasdemadera.com\/blog\/contactar-con-barricas-de-madera-com\/\" target=\"_blank\">cons\u00faltanos<\/a>.<\/p>\n<p style=\"text-align: justify;\">\n","protected":false},"excerpt":{"rendered":"<p>\u00a1Hoy venimos con buenas noticias para nuestr@s amig@s! Desde hoy mismo y hasta el 30 de junio, las\u00a0Barricas usadas 225 litros Mod. 07\u00a0las podr\u00e9is conseguir con un descuento adicional de un 10% s\u00f3lo por haber visitado nuestro blog. Ya ha &hellip; <a href=\"https:\/\/barricasdemadera.com\/blog\/oferta-en-barricas-usadas\/\">Sigue leyendo <span class=\"meta-nav\">&rarr;<\/span><\/a><\/p>\n","protected":false},"author":1,"featured_media":679,"comment_status":"open","ping_status":"closed","sticky":false,"template":"","format":"standard","meta":{"_jetpack_newsletter_access":"","_jetpack_dont_email_post_to_subs":false,"_jetpack_newsletter_tier_id":0,"_jetpack_memberships_contains_paywalled_content":false,"_jetpack_memberships_contains_paid_content":false,"footnotes":""},"categories":[5],"tags":[20,133,215,30,259,260],"class_list":["post-730","post","type-post","status-publish","format-standard","has-post-thumbnail","hentry","category-barricas-usadas","tag-barricas-roble","tag-barriles-usados","tag-comprar-toneles","tag-oferta-barricas","tag-tienda-barricas-madera","tag-toneles-oferta"],"yoast_head":"<!-- This site is optimized with the Yoast SEO plugin v24.3 - https:\/\/yoast.com\/wordpress\/plugins\/seo\/ -->\n<title>Oferta en barricas usadas<\/title>\n<meta name=\"description\" content=\"Desde hoy mismo y hasta el 30 de junio, las Barricas usadas 225 litros Mod. 07 las podr\u00e9is conseguir con un descuento adicional de un 10% s\u00f3lo por haber visitado nuestro blog\" \/>\n<meta name=\"robots\" content=\"index, follow, max-snippet:-1, max-image-preview:large, max-video-preview:-1\" \/>\n<link rel=\"canonical\" href=\"https:\/\/barricasdemadera.com\/blog\/oferta-en-barricas-usadas\/\" \/>\n<meta property=\"og:locale\" content=\"es_ES\" \/>\n<meta property=\"og:type\" content=\"article\" \/>\n<meta property=\"og:title\" content=\"Oferta en barricas usadas\" \/>\n<meta property=\"og:description\" content=\"Desde hoy mismo y hasta el 30 de junio, las Barricas usadas 225 litros Mod. 07 las podr\u00e9is conseguir con un descuento adicional de un 10% s\u00f3lo por haber visitado nuestro blog\" \/>\n<meta property=\"og:url\" content=\"https:\/\/barricasdemadera.com\/blog\/oferta-en-barricas-usadas\/\" \/>\n<meta property=\"og:site_name\" content=\"BarricasDeMadera.com - Reciclaje y venta de barricas usadas\" \/>\n<meta property=\"article:publisher\" content=\"https:\/\/www.facebook.com\/barricasdemadera.es\/\" \/>\n<meta property=\"article:published_time\" content=\"2013-06-17T19:46:48+00:00\" \/>\n<meta property=\"article:modified_time\" content=\"2013-06-17T16:21:36+00:00\" \/>\n<meta property=\"og:image\" content=\"https:\/\/barricasdemadera.com\/blog\/wp-content\/uploads\/2013\/04\/Barricas-usadas-toneles-de-madera-cubas-de-vino-Mod-07_02_.jpg\" \/>\n\t<meta property=\"og:image:width\" content=\"800\" \/>\n\t<meta property=\"og:image:height\" content=\"533\" \/>\n\t<meta property=\"og:image:type\" content=\"image\/jpeg\" \/>\n<meta name=\"author\" content=\"BarricasDeMadera.com\" \/>\n<meta name=\"twitter:card\" content=\"summary_large_image\" \/>\n<meta name=\"twitter:creator\" content=\"@barricasmadera\" \/>\n<meta name=\"twitter:site\" content=\"@barricasmadera\" \/>\n<meta name=\"twitter:label1\" content=\"Escrito por\" \/>\n\t<meta name=\"twitter:data1\" content=\"BarricasDeMadera.com\" \/>\n\t<meta name=\"twitter:label2\" content=\"Tiempo de lectura\" \/>\n\t<meta name=\"twitter:data2\" content=\"1 minuto\" \/>\n<script type=\"application\/ld+json\" class=\"yoast-schema-graph\">{\"@context\":\"https:\/\/schema.org\",\"@graph\":[{\"@type\":\"WebPage\",\"@id\":\"https:\/\/barricasdemadera.com\/blog\/oferta-en-barricas-usadas\/\",\"url\":\"https:\/\/barricasdemadera.com\/blog\/oferta-en-barricas-usadas\/\",\"name\":\"Oferta en barricas usadas\",\"isPartOf\":{\"@id\":\"https:\/\/barricasdemadera.com\/blog\/#website\"},\"primaryImageOfPage\":{\"@id\":\"https:\/\/barricasdemadera.com\/blog\/oferta-en-barricas-usadas\/#primaryimage\"},\"image\":{\"@id\":\"https:\/\/barricasdemadera.com\/blog\/oferta-en-barricas-usadas\/#primaryimage\"},\"thumbnailUrl\":\"https:\/\/barricasdemadera.com\/blog\/wp-content\/uploads\/2013\/04\/Barricas-usadas-toneles-de-madera-cubas-de-vino-Mod-07_02_.jpg\",\"datePublished\":\"2013-06-17T19:46:48+00:00\",\"dateModified\":\"2013-06-17T16:21:36+00:00\",\"author\":{\"@id\":\"https:\/\/barricasdemadera.com\/blog\/#\/schema\/person\/febf58d94c9a8028589ac78a738329da\"},\"description\":\"Desde hoy mismo y hasta el 30 de junio, las Barricas usadas 225 litros Mod. 07 las podr\u00e9is conseguir con un descuento adicional de un 10% s\u00f3lo por haber visitado nuestro blog\",\"breadcrumb\":{\"@id\":\"https:\/\/barricasdemadera.com\/blog\/oferta-en-barricas-usadas\/#breadcrumb\"},\"inLanguage\":\"es\",\"potentialAction\":[{\"@type\":\"ReadAction\",\"target\":[\"https:\/\/barricasdemadera.com\/blog\/oferta-en-barricas-usadas\/\"]}]},{\"@type\":\"ImageObject\",\"inLanguage\":\"es\",\"@id\":\"https:\/\/barricasdemadera.com\/blog\/oferta-en-barricas-usadas\/#primaryimage\",\"url\":\"https:\/\/barricasdemadera.com\/blog\/wp-content\/uploads\/2013\/04\/Barricas-usadas-toneles-de-madera-cubas-de-vino-Mod-07_02_.jpg\",\"contentUrl\":\"https:\/\/barricasdemadera.com\/blog\/wp-content\/uploads\/2013\/04\/Barricas-usadas-toneles-de-madera-cubas-de-vino-Mod-07_02_.jpg\",\"width\":800,\"height\":533,\"caption\":\"Barricas Toneles Cubas Barriles para decoraci\u00f3n\"},{\"@type\":\"BreadcrumbList\",\"@id\":\"https:\/\/barricasdemadera.com\/blog\/oferta-en-barricas-usadas\/#breadcrumb\",\"itemListElement\":[{\"@type\":\"ListItem\",\"position\":1,\"name\":\"barricas roble\",\"item\":\"https:\/\/barricasdemadera.com\/blog\/tag\/barricas-roble\/\"},{\"@type\":\"ListItem\",\"position\":2,\"name\":\"Oferta en barricas usadas\"}]},{\"@type\":\"WebSite\",\"@id\":\"https:\/\/barricasdemadera.com\/blog\/#website\",\"url\":\"https:\/\/barricasdemadera.com\/blog\/\",\"name\":\"BarricasDeMadera.com - Reciclaje y venta de barricas usadas\",\"description\":\"Tienda de barricas de madera usadas online\",\"potentialAction\":[{\"@type\":\"SearchAction\",\"target\":{\"@type\":\"EntryPoint\",\"urlTemplate\":\"https:\/\/barricasdemadera.com\/blog\/?s={search_term_string}\"},\"query-input\":{\"@type\":\"PropertyValueSpecification\",\"valueRequired\":true,\"valueName\":\"search_term_string\"}}],\"inLanguage\":\"es\"},{\"@type\":\"Person\",\"@id\":\"https:\/\/barricasdemadera.com\/blog\/#\/schema\/person\/febf58d94c9a8028589ac78a738329da\",\"name\":\"BarricasDeMadera.com\",\"image\":{\"@type\":\"ImageObject\",\"inLanguage\":\"es\",\"@id\":\"https:\/\/barricasdemadera.com\/blog\/#\/schema\/person\/image\/\",\"url\":\"https:\/\/secure.gravatar.com\/avatar\/21356ba8f4b232ed0f9b06f39f0991931534c799ff8457c1e03b934166590e26?s=96&d=mm&r=g\",\"contentUrl\":\"https:\/\/secure.gravatar.com\/avatar\/21356ba8f4b232ed0f9b06f39f0991931534c799ff8457c1e03b934166590e26?s=96&d=mm&r=g\",\"caption\":\"BarricasDeMadera.com\"},\"sameAs\":[\"https:\/\/barricasdemadera.com\",\"https:\/\/x.com\/@barricasmadera\"],\"url\":\"https:\/\/barricasdemadera.com\/blog\/author\/adminbarricas\/\"}]}<\/script>\n<!-- \/ Yoast SEO plugin. -->","yoast_head_json":{"title":"Oferta en barricas usadas","description":"Desde hoy mismo y hasta el 30 de junio, las Barricas usadas 225 litros Mod. 07 las podr\u00e9is conseguir con un descuento adicional de un 10% s\u00f3lo por haber visitado nuestro blog","robots":{"index":"index","follow":"follow","max-snippet":"max-snippet:-1","max-image-preview":"max-image-preview:large","max-video-preview":"max-video-preview:-1"},"canonical":"https:\/\/barricasdemadera.com\/blog\/oferta-en-barricas-usadas\/","og_locale":"es_ES","og_type":"article","og_title":"Oferta en barricas usadas","og_description":"Desde hoy mismo y hasta el 30 de junio, las Barricas usadas 225 litros Mod. 07 las podr\u00e9is conseguir con un descuento adicional de un 10% s\u00f3lo por haber visitado nuestro blog","og_url":"https:\/\/barricasdemadera.com\/blog\/oferta-en-barricas-usadas\/","og_site_name":"BarricasDeMadera.com - Reciclaje y venta de barricas usadas","article_publisher":"https:\/\/www.facebook.com\/barricasdemadera.es\/","article_published_time":"2013-06-17T19:46:48+00:00","article_modified_time":"2013-06-17T16:21:36+00:00","og_image":[{"width":800,"height":533,"url":"https:\/\/barricasdemadera.com\/blog\/wp-content\/uploads\/2013\/04\/Barricas-usadas-toneles-de-madera-cubas-de-vino-Mod-07_02_.jpg","type":"image\/jpeg"}],"author":"BarricasDeMadera.com","twitter_card":"summary_large_image","twitter_creator":"@barricasmadera","twitter_site":"@barricasmadera","twitter_misc":{"Escrito por":"BarricasDeMadera.com","Tiempo de lectura":"1 minuto"},"schema":{"@context":"https:\/\/schema.org","@graph":[{"@type":"WebPage","@id":"https:\/\/barricasdemadera.com\/blog\/oferta-en-barricas-usadas\/","url":"https:\/\/barricasdemadera.com\/blog\/oferta-en-barricas-usadas\/","name":"Oferta en barricas usadas","isPartOf":{"@id":"https:\/\/barricasdemadera.com\/blog\/#website"},"primaryImageOfPage":{"@id":"https:\/\/barricasdemadera.com\/blog\/oferta-en-barricas-usadas\/#primaryimage"},"image":{"@id":"https:\/\/barricasdemadera.com\/blog\/oferta-en-barricas-usadas\/#primaryimage"},"thumbnailUrl":"https:\/\/barricasdemadera.com\/blog\/wp-content\/uploads\/2013\/04\/Barricas-usadas-toneles-de-madera-cubas-de-vino-Mod-07_02_.jpg","datePublished":"2013-06-17T19:46:48+00:00","dateModified":"2013-06-17T16:21:36+00:00","author":{"@id":"https:\/\/barricasdemadera.com\/blog\/#\/schema\/person\/febf58d94c9a8028589ac78a738329da"},"description":"Desde hoy mismo y hasta el 30 de junio, las Barricas usadas 225 litros Mod. 07 las podr\u00e9is conseguir con un descuento adicional de un 10% s\u00f3lo por haber visitado nuestro blog","breadcrumb":{"@id":"https:\/\/barricasdemadera.com\/blog\/oferta-en-barricas-usadas\/#breadcrumb"},"inLanguage":"es","potentialAction":[{"@type":"ReadAction","target":["https:\/\/barricasdemadera.com\/blog\/oferta-en-barricas-usadas\/"]}]},{"@type":"ImageObject","inLanguage":"es","@id":"https:\/\/barricasdemadera.com\/blog\/oferta-en-barricas-usadas\/#primaryimage","url":"https:\/\/barricasdemadera.com\/blog\/wp-content\/uploads\/2013\/04\/Barricas-usadas-toneles-de-madera-cubas-de-vino-Mod-07_02_.jpg","contentUrl":"https:\/\/barricasdemadera.com\/blog\/wp-content\/uploads\/2013\/04\/Barricas-usadas-toneles-de-madera-cubas-de-vino-Mod-07_02_.jpg","width":800,"height":533,"caption":"Barricas Toneles Cubas Barriles para decoraci\u00f3n"},{"@type":"BreadcrumbList","@id":"https:\/\/barricasdemadera.com\/blog\/oferta-en-barricas-usadas\/#breadcrumb","itemListElement":[{"@type":"ListItem","position":1,"name":"barricas roble","item":"https:\/\/barricasdemadera.com\/blog\/tag\/barricas-roble\/"},{"@type":"ListItem","position":2,"name":"Oferta en barricas usadas"}]},{"@type":"WebSite","@id":"https:\/\/barricasdemadera.com\/blog\/#website","url":"https:\/\/barricasdemadera.com\/blog\/","name":"BarricasDeMadera.com - Reciclaje y venta de barricas usadas","description":"Tienda de barricas de madera usadas online","potentialAction":[{"@type":"SearchAction","target":{"@type":"EntryPoint","urlTemplate":"https:\/\/barricasdemadera.com\/blog\/?s={search_term_string}"},"query-input":{"@type":"PropertyValueSpecification","valueRequired":true,"valueName":"search_term_string"}}],"inLanguage":"es"},{"@type":"Person","@id":"https:\/\/barricasdemadera.com\/blog\/#\/schema\/person\/febf58d94c9a8028589ac78a738329da","name":"BarricasDeMadera.com","image":{"@type":"ImageObject","inLanguage":"es","@id":"https:\/\/barricasdemadera.com\/blog\/#\/schema\/person\/image\/","url":"https:\/\/secure.gravatar.com\/avatar\/21356ba8f4b232ed0f9b06f39f0991931534c799ff8457c1e03b934166590e26?s=96&d=mm&r=g","contentUrl":"https:\/\/secure.gravatar.com\/avatar\/21356ba8f4b232ed0f9b06f39f0991931534c799ff8457c1e03b934166590e26?s=96&d=mm&r=g","caption":"BarricasDeMadera.com"},"sameAs":["https:\/\/barricasdemadera.com","https:\/\/x.com\/@barricasmadera"],"url":"https:\/\/barricasdemadera.com\/blog\/author\/adminbarricas\/"}]}},"jetpack_featured_media_url":"https:\/\/barricasdemadera.com\/blog\/wp-content\/uploads\/2013\/04\/Barricas-usadas-toneles-de-madera-cubas-de-vino-Mod-07_02_.jpg","jetpack_shortlink":"https:\/\/wp.me\/p2UXAv-bM","jetpack_sharing_enabled":true,"_links":{"self":[{"href":"https:\/\/barricasdemadera.com\/blog\/wp-json\/wp\/v2\/posts\/730","targetHints":{"allow":["GET"]}}],"collection":[{"href":"https:\/\/barricasdemadera.com\/blog\/wp-json\/wp\/v2\/posts"}],"about":[{"href":"https:\/\/barricasdemadera.com\/blog\/wp-json\/wp\/v2\/types\/post"}],"author":[{"embeddable":true,"href":"https:\/\/barricasdemadera.com\/blog\/wp-json\/wp\/v2\/users\/1"}],"replies":[{"embeddable":true,"href":"https:\/\/barricasdemadera.com\/blog\/wp-json\/wp\/v2\/comments?post=730"}],"version-history":[{"count":8,"href":"https:\/\/barricasdemadera.com\/blog\/wp-json\/wp\/v2\/posts\/730\/revisions"}],"predecessor-version":[{"id":734,"href":"https:\/\/barricasdemadera.com\/blog\/wp-json\/wp\/v2\/posts\/730\/revisions\/734"}],"wp:featuredmedia":[{"embeddable":true,"href":"https:\/\/barricasdemadera.com\/blog\/wp-json\/wp\/v2\/media\/679"}],"wp:attachment":[{"href":"https:\/\/barricasdemadera.com\/blog\/wp-json\/wp\/v2\/media?parent=730"}],"wp:term":[{"taxonomy":"category","embeddable":true,"href":"https:\/\/barricasdemadera.com\/blog\/wp-json\/wp\/v2\/categories?post=730"},{"taxonomy":"post_tag","embeddable":true,"href":"https:\/\/barricasdemadera.com\/blog\/wp-json\/wp\/v2\/tags?post=730"}],"curies":[{"name":"wp","href":"https:\/\/api.w.org\/{rel}","templated":true}]}}