{"id":69,"date":"2012-12-10T11:25:39","date_gmt":"2012-12-10T10:25:39","guid":{"rendered":"https:\/\/barricasdemadera.com\/Blog\/?p=69"},"modified":"2013-05-21T12:48:10","modified_gmt":"2013-05-21T11:48:10","slug":"colaboracion-con-la-habana-decoracion","status":"publish","type":"post","link":"https:\/\/barricasdemadera.com\/blog\/colaboracion-con-la-habana-decoracion\/","title":{"rendered":"Colaboraci\u00f3n con La Habana Decoraci\u00f3n"},"content":{"rendered":"\n\t\t<style type=\"text\/css\">\n\t\t\t#gallery-1 {\n\t\t\t\tmargin: auto;\n\t\t\t}\n\t\t\t#gallery-1 .gallery-item {\n\t\t\t\tfloat: left;\n\t\t\t\tmargin-top: 10px;\n\t\t\t\ttext-align: center;\n\t\t\t\twidth: 33%;\n\t\t\t}\n\t\t\t#gallery-1 img {\n\t\t\t\tborder: 2px solid #cfcfcf;\n\t\t\t}\n\t\t\t#gallery-1 .gallery-caption {\n\t\t\t\tmargin-left: 0;\n\t\t\t}\n\t\t\t\/* see gallery_shortcode() in wp-includes\/media.php *\/\n\t\t<\/style>\n\t\t<div data-carousel-extra='{\"blog_id\":1,\"permalink\":\"https:\\\/\\\/barricasdemadera.com\\\/blog\\\/colaboracion-con-la-habana-decoracion\\\/\"}' id='gallery-1' class='gallery galleryid-69 gallery-columns-3 gallery-size-thumbnail'><dl class='gallery-item'>\n\t\t\t<dt class='gallery-icon landscape'>\n\t\t\t\t<a href='https:\/\/barricasdemadera.com\/blog\/colaboracion-con-la-habana-decoracion\/lahabana00-1\/'><img loading=\"lazy\" decoding=\"async\" width=\"150\" height=\"150\" src=\"https:\/\/barricasdemadera.com\/blog\/wp-content\/uploads\/2012\/11\/laHabana00-1-150x150.jpg\" class=\"attachment-thumbnail size-thumbnail\" alt=\"La Habana Decoraci\u00f3n - Showroom\" data-attachment-id=\"73\" data-permalink=\"https:\/\/barricasdemadera.com\/blog\/colaboracion-con-la-habana-decoracion\/lahabana00-1\/\" data-orig-file=\"https:\/\/barricasdemadera.com\/blog\/wp-content\/uploads\/2012\/11\/laHabana00-1.jpg\" data-orig-size=\"630,600\" data-comments-opened=\"1\" data-image-meta=\"{&quot;aperture&quot;:&quot;5.6&quot;,&quot;credit&quot;:&quot;&quot;,&quot;camera&quot;:&quot;Canon EOS 40D&quot;,&quot;caption&quot;:&quot;&quot;,&quot;created_timestamp&quot;:&quot;1350737773&quot;,&quot;copyright&quot;:&quot;&quot;,&quot;focal_length&quot;:&quot;10&quot;,&quot;iso&quot;:&quot;100&quot;,&quot;shutter_speed&quot;:&quot;0.00625&quot;,&quot;title&quot;:&quot;&quot;}\" data-image-title=\"La Habana Decoraci\u00f3n &amp;#8211; Showroom\" data-image-description=\"\" data-image-caption=\"\" data-medium-file=\"https:\/\/barricasdemadera.com\/blog\/wp-content\/uploads\/2012\/11\/laHabana00-1-300x285.jpg\" data-large-file=\"https:\/\/barricasdemadera.com\/blog\/wp-content\/uploads\/2012\/11\/laHabana00-1.jpg\" \/><\/a>\n\t\t\t<\/dt><\/dl><dl class='gallery-item'>\n\t\t\t<dt class='gallery-icon portrait'>\n\t\t\t\t<a href='https:\/\/barricasdemadera.com\/blog\/colaboracion-con-la-habana-decoracion\/lahabana00-7\/'><img loading=\"lazy\" decoding=\"async\" width=\"150\" height=\"150\" src=\"https:\/\/barricasdemadera.com\/blog\/wp-content\/uploads\/2012\/11\/laHabana00-7-150x150.jpg\" class=\"attachment-thumbnail size-thumbnail\" alt=\"La Habana Decoraci\u00f3n - Showroom\" data-attachment-id=\"74\" data-permalink=\"https:\/\/barricasdemadera.com\/blog\/colaboracion-con-la-habana-decoracion\/lahabana00-7\/\" data-orig-file=\"https:\/\/barricasdemadera.com\/blog\/wp-content\/uploads\/2012\/11\/laHabana00-7.jpg\" data-orig-size=\"320,420\" data-comments-opened=\"1\" data-image-meta=\"{&quot;aperture&quot;:&quot;4&quot;,&quot;credit&quot;:&quot;&quot;,&quot;camera&quot;:&quot;Canon EOS 40D&quot;,&quot;caption&quot;:&quot;&quot;,&quot;created_timestamp&quot;:&quot;1350756932&quot;,&quot;copyright&quot;:&quot;&quot;,&quot;focal_length&quot;:&quot;14&quot;,&quot;iso&quot;:&quot;400&quot;,&quot;shutter_speed&quot;:&quot;0.02&quot;,&quot;title&quot;:&quot;&quot;}\" data-image-title=\"La Habana Decoraci\u00f3n &amp;#8211; Showroom\" data-image-description=\"\" data-image-caption=\"\" data-medium-file=\"https:\/\/barricasdemadera.com\/blog\/wp-content\/uploads\/2012\/11\/laHabana00-7-228x300.jpg\" data-large-file=\"https:\/\/barricasdemadera.com\/blog\/wp-content\/uploads\/2012\/11\/laHabana00-7.jpg\" \/><\/a>\n\t\t\t<\/dt><\/dl><dl class='gallery-item'>\n\t\t\t<dt class='gallery-icon landscape'>\n\t\t\t\t<a href='https:\/\/barricasdemadera.com\/blog\/colaboracion-con-la-habana-decoracion\/lahabana00-11\/'><img loading=\"lazy\" decoding=\"async\" width=\"150\" height=\"150\" src=\"https:\/\/barricasdemadera.com\/blog\/wp-content\/uploads\/2012\/11\/laHabana00-11-150x150.jpg\" class=\"attachment-thumbnail size-thumbnail\" alt=\"La Habana Decoraci\u00f3n - Showroom\" data-attachment-id=\"75\" data-permalink=\"https:\/\/barricasdemadera.com\/blog\/colaboracion-con-la-habana-decoracion\/lahabana00-11\/\" data-orig-file=\"https:\/\/barricasdemadera.com\/blog\/wp-content\/uploads\/2012\/11\/laHabana00-11.jpg\" data-orig-size=\"1000,667\" data-comments-opened=\"1\" data-image-meta=\"{&quot;aperture&quot;:&quot;4.5&quot;,&quot;credit&quot;:&quot;&quot;,&quot;camera&quot;:&quot;Canon EOS 40D&quot;,&quot;caption&quot;:&quot;&quot;,&quot;created_timestamp&quot;:&quot;1350757416&quot;,&quot;copyright&quot;:&quot;&quot;,&quot;focal_length&quot;:&quot;20&quot;,&quot;iso&quot;:&quot;400&quot;,&quot;shutter_speed&quot;:&quot;0.033333333333333&quot;,&quot;title&quot;:&quot;&quot;}\" data-image-title=\"La Habana Decoraci\u00f3n &amp;#8211; Showroom\" data-image-description=\"\" data-image-caption=\"\" data-medium-file=\"https:\/\/barricasdemadera.com\/blog\/wp-content\/uploads\/2012\/11\/laHabana00-11-300x200.jpg\" data-large-file=\"https:\/\/barricasdemadera.com\/blog\/wp-content\/uploads\/2012\/11\/laHabana00-11.jpg\" \/><\/a>\n\t\t\t<\/dt><\/dl><br style=\"clear: both\" \/><dl class='gallery-item'>\n\t\t\t<dt class='gallery-icon landscape'>\n\t\t\t\t<a href='https:\/\/barricasdemadera.com\/blog\/colaboracion-con-la-habana-decoracion\/lahabana00-15\/'><img loading=\"lazy\" decoding=\"async\" width=\"150\" height=\"150\" src=\"https:\/\/barricasdemadera.com\/blog\/wp-content\/uploads\/2012\/11\/laHabana00-15-150x150.jpg\" class=\"attachment-thumbnail size-thumbnail\" alt=\"La Habana Decoraci\u00f3n - Showroom\" data-attachment-id=\"76\" data-permalink=\"https:\/\/barricasdemadera.com\/blog\/colaboracion-con-la-habana-decoracion\/lahabana00-15\/\" data-orig-file=\"https:\/\/barricasdemadera.com\/blog\/wp-content\/uploads\/2012\/11\/laHabana00-15.jpg\" data-orig-size=\"1000,684\" data-comments-opened=\"1\" data-image-meta=\"{&quot;aperture&quot;:&quot;4.5&quot;,&quot;credit&quot;:&quot;&quot;,&quot;camera&quot;:&quot;Canon EOS 40D&quot;,&quot;caption&quot;:&quot;&quot;,&quot;created_timestamp&quot;:&quot;1350759010&quot;,&quot;copyright&quot;:&quot;&quot;,&quot;focal_length&quot;:&quot;18&quot;,&quot;iso&quot;:&quot;400&quot;,&quot;shutter_speed&quot;:&quot;0.0125&quot;,&quot;title&quot;:&quot;&quot;}\" data-image-title=\"La Habana Decoraci\u00f3n &amp;#8211; Showroom\" data-image-description=\"\" data-image-caption=\"\" data-medium-file=\"https:\/\/barricasdemadera.com\/blog\/wp-content\/uploads\/2012\/11\/laHabana00-15-300x205.jpg\" data-large-file=\"https:\/\/barricasdemadera.com\/blog\/wp-content\/uploads\/2012\/11\/laHabana00-15.jpg\" \/><\/a>\n\t\t\t<\/dt><\/dl><dl class='gallery-item'>\n\t\t\t<dt class='gallery-icon landscape'>\n\t\t\t\t<a href='https:\/\/barricasdemadera.com\/blog\/colaboracion-con-la-habana-decoracion\/aparador-decapado-700x700\/'><img loading=\"lazy\" decoding=\"async\" width=\"150\" height=\"150\" src=\"https:\/\/barricasdemadera.com\/blog\/wp-content\/uploads\/2012\/11\/Aparador-decapado-700x700-150x150.jpg\" class=\"attachment-thumbnail size-thumbnail\" alt=\"La Habana Decoraci\u00f3n - Showroom\" srcset=\"https:\/\/barricasdemadera.com\/blog\/wp-content\/uploads\/2012\/11\/Aparador-decapado-700x700-150x150.jpg 150w, https:\/\/barricasdemadera.com\/blog\/wp-content\/uploads\/2012\/11\/Aparador-decapado-700x700-300x300.jpg 300w, https:\/\/barricasdemadera.com\/blog\/wp-content\/uploads\/2012\/11\/Aparador-decapado-700x700.jpg 700w\" sizes=\"auto, (max-width: 150px) 100vw, 150px\" data-attachment-id=\"71\" data-permalink=\"https:\/\/barricasdemadera.com\/blog\/colaboracion-con-la-habana-decoracion\/aparador-decapado-700x700\/\" data-orig-file=\"https:\/\/barricasdemadera.com\/blog\/wp-content\/uploads\/2012\/11\/Aparador-decapado-700x700.jpg\" data-orig-size=\"700,700\" data-comments-opened=\"1\" data-image-meta=\"{&quot;aperture&quot;:&quot;0&quot;,&quot;credit&quot;:&quot;&quot;,&quot;camera&quot;:&quot;&quot;,&quot;caption&quot;:&quot;&quot;,&quot;created_timestamp&quot;:&quot;0&quot;,&quot;copyright&quot;:&quot;&quot;,&quot;focal_length&quot;:&quot;0&quot;,&quot;iso&quot;:&quot;0&quot;,&quot;shutter_speed&quot;:&quot;0&quot;,&quot;title&quot;:&quot;&quot;}\" data-image-title=\"La Habana Decoraci\u00f3n &amp;#8211; Showroom\" data-image-description=\"\" data-image-caption=\"\" data-medium-file=\"https:\/\/barricasdemadera.com\/blog\/wp-content\/uploads\/2012\/11\/Aparador-decapado-700x700-300x300.jpg\" data-large-file=\"https:\/\/barricasdemadera.com\/blog\/wp-content\/uploads\/2012\/11\/Aparador-decapado-700x700.jpg\" \/><\/a>\n\t\t\t<\/dt><\/dl><dl class='gallery-item'>\n\t\t\t<dt class='gallery-icon landscape'>\n\t\t\t\t<a href='https:\/\/barricasdemadera.com\/blog\/colaboracion-con-la-habana-decoracion\/a-sc-2-a-700x700\/'><img loading=\"lazy\" decoding=\"async\" width=\"150\" height=\"150\" src=\"https:\/\/barricasdemadera.com\/blog\/wp-content\/uploads\/2012\/11\/A-SC-2-A-700x700-150x150.jpg\" class=\"attachment-thumbnail size-thumbnail\" alt=\"La Habana Decoraci\u00f3n - Showroom\" srcset=\"https:\/\/barricasdemadera.com\/blog\/wp-content\/uploads\/2012\/11\/A-SC-2-A-700x700-150x150.jpg 150w, https:\/\/barricasdemadera.com\/blog\/wp-content\/uploads\/2012\/11\/A-SC-2-A-700x700-300x300.jpg 300w, https:\/\/barricasdemadera.com\/blog\/wp-content\/uploads\/2012\/11\/A-SC-2-A-700x700.jpg 700w\" sizes=\"auto, (max-width: 150px) 100vw, 150px\" data-attachment-id=\"72\" data-permalink=\"https:\/\/barricasdemadera.com\/blog\/colaboracion-con-la-habana-decoracion\/a-sc-2-a-700x700\/\" data-orig-file=\"https:\/\/barricasdemadera.com\/blog\/wp-content\/uploads\/2012\/11\/A-SC-2-A-700x700.jpg\" data-orig-size=\"700,700\" data-comments-opened=\"1\" data-image-meta=\"{&quot;aperture&quot;:&quot;0&quot;,&quot;credit&quot;:&quot;&quot;,&quot;camera&quot;:&quot;&quot;,&quot;caption&quot;:&quot;&quot;,&quot;created_timestamp&quot;:&quot;0&quot;,&quot;copyright&quot;:&quot;&quot;,&quot;focal_length&quot;:&quot;0&quot;,&quot;iso&quot;:&quot;0&quot;,&quot;shutter_speed&quot;:&quot;0&quot;,&quot;title&quot;:&quot;&quot;}\" data-image-title=\"La Habana Decoraci\u00f3n &amp;#8211; Showroom\" data-image-description=\"\" data-image-caption=\"\" data-medium-file=\"https:\/\/barricasdemadera.com\/blog\/wp-content\/uploads\/2012\/11\/A-SC-2-A-700x700-300x300.jpg\" data-large-file=\"https:\/\/barricasdemadera.com\/blog\/wp-content\/uploads\/2012\/11\/A-SC-2-A-700x700.jpg\" \/><\/a>\n\t\t\t<\/dt><\/dl><br style=\"clear: both\" \/>\n\t\t<\/div>\n\n<p style=\"text-align: justify;\">Hoy os escribimos para presentar un nuevo y singular proyecto en el que hemos colaborado. Se trata de <a title=\"La Habana Decoraci\u00f3n\" href=\"http:\/\/lahabanadecoracion.com\/index.php?route=information\/information&amp;information_id=8\" target=\"_blank\">La Habana Decoraci\u00f3n<\/a>, un proyecto que nace con el fin de conceder una segunda oportunidad a objetos. Desde luminosos antiguos a mobiliario de dise\u00f1o, desde duelas de barricas usadas a objetos artesanales, todo ello es recuperable y merecen otra oportunidad. Os invitamos a visitar su web y a ver las fotos de todo lo que all\u00ed se puede encontrar.<\/p>\n<p style=\"text-align: justify;\">Su web: <a title=\"www.LaHabanaDecoracion.com\" href=\"http:\/\/www.LaHabanaDecoracion.com\" target=\"_blank\">www.LaHabanaDecoracion.com<\/a><\/p>\n<p style=\"text-align: justify;\">Original pieza realizada con duelas de barricas usadas. Estas mismas duelas, en natural, est\u00e1n disponibles en nuestras web a precios econ\u00f3micos: <a title=\"Duelas y fondos de barricas usadas\" href=\"https:\/\/barricasdemadera.com\/index.php?route=product\/category&amp;path=20_34\" target=\"_blank\">Barricas y fondos<\/a>\u00a0\u00bfTe atreves a hacer algo parecido?<\/p>\n","protected":false},"excerpt":{"rendered":"<p>Hoy os escribimos para presentar un nuevo y singular proyecto en el que hemos colaborado. Se trata de La Habana Decoraci\u00f3n, un proyecto que nace con el fin de conceder una segunda oportunidad a objetos. Desde luminosos antiguos a mobiliario &hellip; <a href=\"https:\/\/barricasdemadera.com\/blog\/colaboracion-con-la-habana-decoracion\/\">Sigue leyendo <span class=\"meta-nav\">&rarr;<\/span><\/a><\/p>\n","protected":false},"author":1,"featured_media":0,"comment_status":"open","ping_status":"closed","sticky":false,"template":"","format":"standard","meta":{"_jetpack_newsletter_access":"","_jetpack_dont_email_post_to_subs":false,"_jetpack_newsletter_tier_id":0,"_jetpack_memberships_contains_paywalled_content":false,"_jetpack_memberships_contains_paid_content":false,"footnotes":""},"categories":[52],"tags":[59,58,57,53,56,55,54],"class_list":["post-69","post","type-post","status-publish","format-standard","hentry","category-miscelanea","tag-ambientaciones-singulares","tag-estudio-fotografia","tag-estudio-fotografico","tag-la-habana-decoracion","tag-localizaciones","tag-mueble-vintage","tag-showroom"],"yoast_head":"<!-- This site is optimized with the Yoast SEO plugin v24.3 - https:\/\/yoast.com\/wordpress\/plugins\/seo\/ -->\n<title>La Habana Decoraci\u00f3n - Showroom<\/title>\n<meta name=\"description\" content=\"La Habana Decoraci\u00f3n, Showroom, Mueble Vintage, Localizaciones, Estudio fotogr\u00e1fico, estudio fotograf\u00eda, fondo fotograf\u00eda, ambientaciones singulares.\" \/>\n<meta name=\"robots\" content=\"index, follow, max-snippet:-1, max-image-preview:large, max-video-preview:-1\" \/>\n<link rel=\"canonical\" href=\"https:\/\/barricasdemadera.com\/blog\/colaboracion-con-la-habana-decoracion\/\" \/>\n<meta property=\"og:locale\" content=\"es_ES\" \/>\n<meta property=\"og:type\" content=\"article\" \/>\n<meta property=\"og:title\" content=\"La Habana Decoraci\u00f3n - Showroom\" \/>\n<meta property=\"og:description\" content=\"La Habana Decoraci\u00f3n, Showroom, Mueble Vintage, Localizaciones, Estudio fotogr\u00e1fico, estudio fotograf\u00eda, fondo fotograf\u00eda, ambientaciones singulares.\" \/>\n<meta property=\"og:url\" content=\"https:\/\/barricasdemadera.com\/blog\/colaboracion-con-la-habana-decoracion\/\" \/>\n<meta property=\"og:site_name\" content=\"BarricasDeMadera.com - Reciclaje y venta de barricas usadas\" \/>\n<meta property=\"article:publisher\" content=\"https:\/\/www.facebook.com\/barricasdemadera.es\/\" \/>\n<meta property=\"article:published_time\" content=\"2012-12-10T10:25:39+00:00\" \/>\n<meta property=\"article:modified_time\" content=\"2013-05-21T11:48:10+00:00\" \/>\n<meta property=\"og:image\" content=\"https:\/\/barricasdemadera.com\/blog\/wp-content\/uploads\/2012\/11\/laHabana00-1-150x150.jpg\" \/>\n<meta name=\"author\" content=\"BarricasDeMadera.com\" \/>\n<meta name=\"twitter:card\" content=\"summary_large_image\" \/>\n<meta name=\"twitter:creator\" content=\"@barricasmadera\" \/>\n<meta name=\"twitter:site\" content=\"@barricasmadera\" \/>\n<meta name=\"twitter:label1\" content=\"Escrito por\" \/>\n\t<meta name=\"twitter:data1\" content=\"BarricasDeMadera.com\" \/>\n\t<meta name=\"twitter:label2\" content=\"Tiempo de lectura\" \/>\n\t<meta name=\"twitter:data2\" content=\"1 minuto\" \/>\n<script type=\"application\/ld+json\" class=\"yoast-schema-graph\">{\"@context\":\"https:\/\/schema.org\",\"@graph\":[{\"@type\":\"WebPage\",\"@id\":\"https:\/\/barricasdemadera.com\/blog\/colaboracion-con-la-habana-decoracion\/\",\"url\":\"https:\/\/barricasdemadera.com\/blog\/colaboracion-con-la-habana-decoracion\/\",\"name\":\"La Habana Decoraci\u00f3n - Showroom\",\"isPartOf\":{\"@id\":\"https:\/\/barricasdemadera.com\/blog\/#website\"},\"datePublished\":\"2012-12-10T10:25:39+00:00\",\"dateModified\":\"2013-05-21T11:48:10+00:00\",\"author\":{\"@id\":\"https:\/\/barricasdemadera.com\/blog\/#\/schema\/person\/febf58d94c9a8028589ac78a738329da\"},\"description\":\"La Habana Decoraci\u00f3n, Showroom, Mueble Vintage, Localizaciones, Estudio fotogr\u00e1fico, estudio fotograf\u00eda, fondo fotograf\u00eda, ambientaciones singulares.\",\"breadcrumb\":{\"@id\":\"https:\/\/barricasdemadera.com\/blog\/colaboracion-con-la-habana-decoracion\/#breadcrumb\"},\"inLanguage\":\"es\",\"potentialAction\":[{\"@type\":\"ReadAction\",\"target\":[\"https:\/\/barricasdemadera.com\/blog\/colaboracion-con-la-habana-decoracion\/\"]}]},{\"@type\":\"BreadcrumbList\",\"@id\":\"https:\/\/barricasdemadera.com\/blog\/colaboracion-con-la-habana-decoracion\/#breadcrumb\",\"itemListElement\":[{\"@type\":\"ListItem\",\"position\":1,\"name\":\"ambientaciones singulares\",\"item\":\"https:\/\/barricasdemadera.com\/blog\/tag\/ambientaciones-singulares\/\"},{\"@type\":\"ListItem\",\"position\":2,\"name\":\"Colaboraci\u00f3n con La Habana Decoraci\u00f3n\"}]},{\"@type\":\"WebSite\",\"@id\":\"https:\/\/barricasdemadera.com\/blog\/#website\",\"url\":\"https:\/\/barricasdemadera.com\/blog\/\",\"name\":\"BarricasDeMadera.com - Reciclaje y venta de barricas usadas\",\"description\":\"Tienda de barricas de madera usadas online\",\"potentialAction\":[{\"@type\":\"SearchAction\",\"target\":{\"@type\":\"EntryPoint\",\"urlTemplate\":\"https:\/\/barricasdemadera.com\/blog\/?s={search_term_string}\"},\"query-input\":{\"@type\":\"PropertyValueSpecification\",\"valueRequired\":true,\"valueName\":\"search_term_string\"}}],\"inLanguage\":\"es\"},{\"@type\":\"Person\",\"@id\":\"https:\/\/barricasdemadera.com\/blog\/#\/schema\/person\/febf58d94c9a8028589ac78a738329da\",\"name\":\"BarricasDeMadera.com\",\"image\":{\"@type\":\"ImageObject\",\"inLanguage\":\"es\",\"@id\":\"https:\/\/barricasdemadera.com\/blog\/#\/schema\/person\/image\/\",\"url\":\"https:\/\/secure.gravatar.com\/avatar\/21356ba8f4b232ed0f9b06f39f0991931534c799ff8457c1e03b934166590e26?s=96&d=mm&r=g\",\"contentUrl\":\"https:\/\/secure.gravatar.com\/avatar\/21356ba8f4b232ed0f9b06f39f0991931534c799ff8457c1e03b934166590e26?s=96&d=mm&r=g\",\"caption\":\"BarricasDeMadera.com\"},\"sameAs\":[\"https:\/\/barricasdemadera.com\",\"https:\/\/x.com\/@barricasmadera\"],\"url\":\"https:\/\/barricasdemadera.com\/blog\/author\/adminbarricas\/\"}]}<\/script>\n<!-- \/ Yoast SEO plugin. -->","yoast_head_json":{"title":"La Habana Decoraci\u00f3n - Showroom","description":"La Habana Decoraci\u00f3n, Showroom, Mueble Vintage, Localizaciones, Estudio fotogr\u00e1fico, estudio fotograf\u00eda, fondo fotograf\u00eda, ambientaciones singulares.","robots":{"index":"index","follow":"follow","max-snippet":"max-snippet:-1","max-image-preview":"max-image-preview:large","max-video-preview":"max-video-preview:-1"},"canonical":"https:\/\/barricasdemadera.com\/blog\/colaboracion-con-la-habana-decoracion\/","og_locale":"es_ES","og_type":"article","og_title":"La Habana Decoraci\u00f3n - Showroom","og_description":"La Habana Decoraci\u00f3n, Showroom, Mueble Vintage, Localizaciones, Estudio fotogr\u00e1fico, estudio fotograf\u00eda, fondo fotograf\u00eda, ambientaciones singulares.","og_url":"https:\/\/barricasdemadera.com\/blog\/colaboracion-con-la-habana-decoracion\/","og_site_name":"BarricasDeMadera.com - Reciclaje y venta de barricas usadas","article_publisher":"https:\/\/www.facebook.com\/barricasdemadera.es\/","article_published_time":"2012-12-10T10:25:39+00:00","article_modified_time":"2013-05-21T11:48:10+00:00","og_image":[{"url":"https:\/\/barricasdemadera.com\/blog\/wp-content\/uploads\/2012\/11\/laHabana00-1-150x150.jpg","type":"","width":"","height":""}],"author":"BarricasDeMadera.com","twitter_card":"summary_large_image","twitter_creator":"@barricasmadera","twitter_site":"@barricasmadera","twitter_misc":{"Escrito por":"BarricasDeMadera.com","Tiempo de lectura":"1 minuto"},"schema":{"@context":"https:\/\/schema.org","@graph":[{"@type":"WebPage","@id":"https:\/\/barricasdemadera.com\/blog\/colaboracion-con-la-habana-decoracion\/","url":"https:\/\/barricasdemadera.com\/blog\/colaboracion-con-la-habana-decoracion\/","name":"La Habana Decoraci\u00f3n - Showroom","isPartOf":{"@id":"https:\/\/barricasdemadera.com\/blog\/#website"},"datePublished":"2012-12-10T10:25:39+00:00","dateModified":"2013-05-21T11:48:10+00:00","author":{"@id":"https:\/\/barricasdemadera.com\/blog\/#\/schema\/person\/febf58d94c9a8028589ac78a738329da"},"description":"La Habana Decoraci\u00f3n, Showroom, Mueble Vintage, Localizaciones, Estudio fotogr\u00e1fico, estudio fotograf\u00eda, fondo fotograf\u00eda, ambientaciones singulares.","breadcrumb":{"@id":"https:\/\/barricasdemadera.com\/blog\/colaboracion-con-la-habana-decoracion\/#breadcrumb"},"inLanguage":"es","potentialAction":[{"@type":"ReadAction","target":["https:\/\/barricasdemadera.com\/blog\/colaboracion-con-la-habana-decoracion\/"]}]},{"@type":"BreadcrumbList","@id":"https:\/\/barricasdemadera.com\/blog\/colaboracion-con-la-habana-decoracion\/#breadcrumb","itemListElement":[{"@type":"ListItem","position":1,"name":"ambientaciones singulares","item":"https:\/\/barricasdemadera.com\/blog\/tag\/ambientaciones-singulares\/"},{"@type":"ListItem","position":2,"name":"Colaboraci\u00f3n con La Habana Decoraci\u00f3n"}]},{"@type":"WebSite","@id":"https:\/\/barricasdemadera.com\/blog\/#website","url":"https:\/\/barricasdemadera.com\/blog\/","name":"BarricasDeMadera.com - Reciclaje y venta de barricas usadas","description":"Tienda de barricas de madera usadas online","potentialAction":[{"@type":"SearchAction","target":{"@type":"EntryPoint","urlTemplate":"https:\/\/barricasdemadera.com\/blog\/?s={search_term_string}"},"query-input":{"@type":"PropertyValueSpecification","valueRequired":true,"valueName":"search_term_string"}}],"inLanguage":"es"},{"@type":"Person","@id":"https:\/\/barricasdemadera.com\/blog\/#\/schema\/person\/febf58d94c9a8028589ac78a738329da","name":"BarricasDeMadera.com","image":{"@type":"ImageObject","inLanguage":"es","@id":"https:\/\/barricasdemadera.com\/blog\/#\/schema\/person\/image\/","url":"https:\/\/secure.gravatar.com\/avatar\/21356ba8f4b232ed0f9b06f39f0991931534c799ff8457c1e03b934166590e26?s=96&d=mm&r=g","contentUrl":"https:\/\/secure.gravatar.com\/avatar\/21356ba8f4b232ed0f9b06f39f0991931534c799ff8457c1e03b934166590e26?s=96&d=mm&r=g","caption":"BarricasDeMadera.com"},"sameAs":["https:\/\/barricasdemadera.com","https:\/\/x.com\/@barricasmadera"],"url":"https:\/\/barricasdemadera.com\/blog\/author\/adminbarricas\/"}]}},"jetpack_featured_media_url":"","jetpack_shortlink":"https:\/\/wp.me\/p2UXAv-17","jetpack_sharing_enabled":true,"_links":{"self":[{"href":"https:\/\/barricasdemadera.com\/blog\/wp-json\/wp\/v2\/posts\/69","targetHints":{"allow":["GET"]}}],"collection":[{"href":"https:\/\/barricasdemadera.com\/blog\/wp-json\/wp\/v2\/posts"}],"about":[{"href":"https:\/\/barricasdemadera.com\/blog\/wp-json\/wp\/v2\/types\/post"}],"author":[{"embeddable":true,"href":"https:\/\/barricasdemadera.com\/blog\/wp-json\/wp\/v2\/users\/1"}],"replies":[{"embeddable":true,"href":"https:\/\/barricasdemadera.com\/blog\/wp-json\/wp\/v2\/comments?post=69"}],"version-history":[{"count":20,"href":"https:\/\/barricasdemadera.com\/blog\/wp-json\/wp\/v2\/posts\/69\/revisions"}],"predecessor-version":[{"id":148,"href":"https:\/\/barricasdemadera.com\/blog\/wp-json\/wp\/v2\/posts\/69\/revisions\/148"}],"wp:attachment":[{"href":"https:\/\/barricasdemadera.com\/blog\/wp-json\/wp\/v2\/media?parent=69"}],"wp:term":[{"taxonomy":"category","embeddable":true,"href":"https:\/\/barricasdemadera.com\/blog\/wp-json\/wp\/v2\/categories?post=69"},{"taxonomy":"post_tag","embeddable":true,"href":"https:\/\/barricasdemadera.com\/blog\/wp-json\/wp\/v2\/tags?post=69"}],"curies":[{"name":"wp","href":"https:\/\/api.w.org\/{rel}","templated":true}]}}