{"id":349,"date":"2012-12-29T10:39:25","date_gmt":"2012-12-29T09:39:25","guid":{"rendered":"https:\/\/barricasdemadera.com\/blog\/?p=349"},"modified":"2013-02-24T17:56:51","modified_gmt":"2013-02-24T16:56:51","slug":"camello-duelas","status":"publish","type":"post","link":"https:\/\/barricasdemadera.com\/blog\/camello-duelas\/","title":{"rendered":"Camello hecho con duelas de barricas"},"content":{"rendered":"<p style=\"text-align: justify;\"><a href=\"https:\/\/barricasdemadera.com\/blog\/camello-hecho-con-duelas-de-barricas\/camello-hecho-con-duelas-lahabanadecoracion-4\/\" rel=\"attachment wp-att-353\"><img loading=\"lazy\" decoding=\"async\" data-attachment-id=\"353\" data-permalink=\"https:\/\/barricasdemadera.com\/blog\/camello-duelas\/camello-hecho-con-duelas-lahabanadecoracion-4\/\" data-orig-file=\"https:\/\/barricasdemadera.com\/blog\/wp-content\/uploads\/2012\/12\/Camello-hecho-con-duelas-LaHabanaDecoraci\u00f3n-4.jpg\" data-orig-size=\"800,598\" data-comments-opened=\"1\" data-image-meta=\"{&quot;aperture&quot;:&quot;2.8&quot;,&quot;credit&quot;:&quot;&quot;,&quot;camera&quot;:&quot;iPhone 4&quot;,&quot;caption&quot;:&quot;&quot;,&quot;created_timestamp&quot;:&quot;1356774656&quot;,&quot;copyright&quot;:&quot;&quot;,&quot;focal_length&quot;:&quot;3.85&quot;,&quot;iso&quot;:&quot;80&quot;,&quot;shutter_speed&quot;:&quot;0.0023529411764706&quot;,&quot;title&quot;:&quot;&quot;}\" data-image-title=\"Camello hecho con duelas &amp;#8211; LaHabanaDecoraci\u00f3n (4)\" data-image-description=\"&lt;p&gt;Camello hecho con duelas de barricas usadas, decoraci\u00f3n con duelas usadas.&lt;\/p&gt;\n\" data-image-caption=\"\" data-medium-file=\"https:\/\/barricasdemadera.com\/blog\/wp-content\/uploads\/2012\/12\/Camello-hecho-con-duelas-LaHabanaDecoraci\u00f3n-4-300x224.jpg\" data-large-file=\"https:\/\/barricasdemadera.com\/blog\/wp-content\/uploads\/2012\/12\/Camello-hecho-con-duelas-LaHabanaDecoraci\u00f3n-4.jpg\" class=\"aligncenter size-full wp-image-353\" alt=\"Camello hecho con duelas - LaHabanaDecoraci\u00f3n (4)\" src=\"https:\/\/barricasdemadera.com\/blog\/wp-content\/uploads\/2012\/12\/Camello-hecho-con-duelas-LaHabanaDecoraci\u00f3n-4.jpg\" width=\"800\" height=\"598\" srcset=\"https:\/\/barricasdemadera.com\/blog\/wp-content\/uploads\/2012\/12\/Camello-hecho-con-duelas-LaHabanaDecoraci\u00f3n-4.jpg 800w, https:\/\/barricasdemadera.com\/blog\/wp-content\/uploads\/2012\/12\/Camello-hecho-con-duelas-LaHabanaDecoraci\u00f3n-4-300x224.jpg 300w, https:\/\/barricasdemadera.com\/blog\/wp-content\/uploads\/2012\/12\/Camello-hecho-con-duelas-LaHabanaDecoraci\u00f3n-4-401x300.jpg 401w\" sizes=\"auto, (max-width: 800px) 100vw, 800px\" \/><\/a><\/p>\n<p style=\"text-align: justify;\">Con motivo del <a title=\"Mercadillo de Reyes La Habana Decoraci\u00f3n\" href=\"https:\/\/www.facebook.com\/events\/395831610501198\/\" target=\"_blank\">Mercadillo de Reyes<\/a> que organiza <a title=\"La Habana Decoraci\u00f3n\" href=\"http:\/\/www.lahabanadecoracion.com\/\" target=\"_blank\">La Habana Decoraci\u00f3n<\/a>, el equipo de <a title=\"Entred\u00f3s\" href=\"http:\/\/entredosblog.blogspot.com.es\/\" target=\"_blank\">Entred\u00f3s\u00a0<\/a>ha realizado este espectacular camello \u00fanicamente utilizando <a title=\"Duelas y fondos de barricas usadas\" href=\"https:\/\/barricasdemadera.com\/index.php?route=product\/category&amp;path=63_34\" target=\"_blank\">duelas de barricas usadas<\/a>. <a title=\"Tienda de barricas online - www.BarricasDeMadera.com\" href=\"https:\/\/barricasdemadera.com\" target=\"_blank\">BarricasDeMadera.com<\/a> tambi\u00e9n tendr\u00e1 presencia en este mercadillo junto a m\u00e1s expositores. Os invitamos a visitarnos hoy, 29 de diciembre de 11 a 22 horas y ma\u00f1ana domingo de 11 a 19 horas en el Showroom de La Habana Decoraci\u00f3n, en Plaza Mayor,9 en Esquivias, Toledo, a s\u00f3lo 40km de Madrid.<\/p>\n<p style=\"text-align: justify;\">\u00a1\u00a1\u00a1 Os esperamos !!<\/p>\n\n\t\t<style type=\"text\/css\">\n\t\t\t#gallery-1 {\n\t\t\t\tmargin: auto;\n\t\t\t}\n\t\t\t#gallery-1 .gallery-item {\n\t\t\t\tfloat: left;\n\t\t\t\tmargin-top: 10px;\n\t\t\t\ttext-align: center;\n\t\t\t\twidth: 33%;\n\t\t\t}\n\t\t\t#gallery-1 img {\n\t\t\t\tborder: 2px solid #cfcfcf;\n\t\t\t}\n\t\t\t#gallery-1 .gallery-caption {\n\t\t\t\tmargin-left: 0;\n\t\t\t}\n\t\t\t\/* see gallery_shortcode() in wp-includes\/media.php *\/\n\t\t<\/style>\n\t\t<div data-carousel-extra='{\"blog_id\":1,\"permalink\":\"https:\\\/\\\/barricasdemadera.com\\\/blog\\\/camello-duelas\\\/\"}' id='gallery-1' class='gallery galleryid-349 gallery-columns-3 gallery-size-thumbnail'><dl class='gallery-item'>\n\t\t\t<dt class='gallery-icon portrait'>\n\t\t\t\t<a href='https:\/\/barricasdemadera.com\/blog\/camello-duelas\/camello-hecho-con-duelas-lahabanadecoracion-5\/'><img loading=\"lazy\" decoding=\"async\" width=\"150\" height=\"150\" src=\"https:\/\/barricasdemadera.com\/blog\/wp-content\/uploads\/2012\/12\/Camello-hecho-con-duelas-LaHabanaDecoraci\u00f3n-5-150x150.jpg\" class=\"attachment-thumbnail size-thumbnail\" alt=\"\" data-attachment-id=\"354\" data-permalink=\"https:\/\/barricasdemadera.com\/blog\/camello-duelas\/camello-hecho-con-duelas-lahabanadecoracion-5\/\" data-orig-file=\"https:\/\/barricasdemadera.com\/blog\/wp-content\/uploads\/2012\/12\/Camello-hecho-con-duelas-LaHabanaDecoraci\u00f3n-5.jpg\" data-orig-size=\"478,640\" data-comments-opened=\"1\" data-image-meta=\"{&quot;aperture&quot;:&quot;2.8&quot;,&quot;credit&quot;:&quot;&quot;,&quot;camera&quot;:&quot;iPhone 4&quot;,&quot;caption&quot;:&quot;&quot;,&quot;created_timestamp&quot;:&quot;1356773855&quot;,&quot;copyright&quot;:&quot;&quot;,&quot;focal_length&quot;:&quot;3.85&quot;,&quot;iso&quot;:&quot;80&quot;,&quot;shutter_speed&quot;:&quot;0.0044843049327354&quot;,&quot;title&quot;:&quot;&quot;}\" data-image-title=\"Camello hecho con duelas &amp;#8211; LaHabanaDecoraci\u00f3n (5)\" data-image-description=\"&lt;p&gt;Camello hecho con duelas de barricas usadas, decoraci\u00f3n con duelas de barricas.&lt;\/p&gt;\n\" data-image-caption=\"\" data-medium-file=\"https:\/\/barricasdemadera.com\/blog\/wp-content\/uploads\/2012\/12\/Camello-hecho-con-duelas-LaHabanaDecoraci\u00f3n-5-224x300.jpg\" data-large-file=\"https:\/\/barricasdemadera.com\/blog\/wp-content\/uploads\/2012\/12\/Camello-hecho-con-duelas-LaHabanaDecoraci\u00f3n-5.jpg\" \/><\/a>\n\t\t\t<\/dt><\/dl><dl class='gallery-item'>\n\t\t\t<dt class='gallery-icon landscape'>\n\t\t\t\t<a href='https:\/\/barricasdemadera.com\/blog\/camello-duelas\/camello-hecho-con-duelas-lahabanadecoracion-4\/'><img loading=\"lazy\" decoding=\"async\" width=\"150\" height=\"150\" src=\"https:\/\/barricasdemadera.com\/blog\/wp-content\/uploads\/2012\/12\/Camello-hecho-con-duelas-LaHabanaDecoraci\u00f3n-4-150x150.jpg\" class=\"attachment-thumbnail size-thumbnail\" alt=\"Camello hecho con duelas - LaHabanaDecoraci\u00f3n (4)\" data-attachment-id=\"353\" data-permalink=\"https:\/\/barricasdemadera.com\/blog\/camello-duelas\/camello-hecho-con-duelas-lahabanadecoracion-4\/\" data-orig-file=\"https:\/\/barricasdemadera.com\/blog\/wp-content\/uploads\/2012\/12\/Camello-hecho-con-duelas-LaHabanaDecoraci\u00f3n-4.jpg\" data-orig-size=\"800,598\" data-comments-opened=\"1\" data-image-meta=\"{&quot;aperture&quot;:&quot;2.8&quot;,&quot;credit&quot;:&quot;&quot;,&quot;camera&quot;:&quot;iPhone 4&quot;,&quot;caption&quot;:&quot;&quot;,&quot;created_timestamp&quot;:&quot;1356774656&quot;,&quot;copyright&quot;:&quot;&quot;,&quot;focal_length&quot;:&quot;3.85&quot;,&quot;iso&quot;:&quot;80&quot;,&quot;shutter_speed&quot;:&quot;0.0023529411764706&quot;,&quot;title&quot;:&quot;&quot;}\" data-image-title=\"Camello hecho con duelas &amp;#8211; LaHabanaDecoraci\u00f3n (4)\" data-image-description=\"&lt;p&gt;Camello hecho con duelas de barricas usadas, decoraci\u00f3n con duelas usadas.&lt;\/p&gt;\n\" data-image-caption=\"\" data-medium-file=\"https:\/\/barricasdemadera.com\/blog\/wp-content\/uploads\/2012\/12\/Camello-hecho-con-duelas-LaHabanaDecoraci\u00f3n-4-300x224.jpg\" data-large-file=\"https:\/\/barricasdemadera.com\/blog\/wp-content\/uploads\/2012\/12\/Camello-hecho-con-duelas-LaHabanaDecoraci\u00f3n-4.jpg\" \/><\/a>\n\t\t\t<\/dt><\/dl><dl class='gallery-item'>\n\t\t\t<dt class='gallery-icon portrait'>\n\t\t\t\t<a href='https:\/\/barricasdemadera.com\/blog\/camello-duelas\/camello-hecho-con-duelas-lahabanadecoracion-3\/'><img loading=\"lazy\" decoding=\"async\" width=\"150\" height=\"150\" src=\"https:\/\/barricasdemadera.com\/blog\/wp-content\/uploads\/2012\/12\/Camello-hecho-con-duelas-LaHabanaDecoraci\u00f3n-3-150x150.jpg\" class=\"attachment-thumbnail size-thumbnail\" alt=\"Camello hecho con duelas de barricas usadas, decoraci\u00f3n con duelas de barricas.\" data-attachment-id=\"352\" data-permalink=\"https:\/\/barricasdemadera.com\/blog\/camello-duelas\/camello-hecho-con-duelas-lahabanadecoracion-3\/\" data-orig-file=\"https:\/\/barricasdemadera.com\/blog\/wp-content\/uploads\/2012\/12\/Camello-hecho-con-duelas-LaHabanaDecoraci\u00f3n-3.jpg\" data-orig-size=\"598,800\" data-comments-opened=\"1\" data-image-meta=\"{&quot;aperture&quot;:&quot;2.8&quot;,&quot;credit&quot;:&quot;&quot;,&quot;camera&quot;:&quot;iPhone 4&quot;,&quot;caption&quot;:&quot;&quot;,&quot;created_timestamp&quot;:&quot;1356773912&quot;,&quot;copyright&quot;:&quot;&quot;,&quot;focal_length&quot;:&quot;3.85&quot;,&quot;iso&quot;:&quot;80&quot;,&quot;shutter_speed&quot;:&quot;0.003584229390681&quot;,&quot;title&quot;:&quot;&quot;}\" data-image-title=\"Camello hecho con duelas &amp;#8211; LaHabanaDecoraci\u00f3n (3)\" data-image-description=\"&lt;p&gt;Camello hecho con duelas de barricas usadas, decoraci\u00f3n con duelas de barricas.&lt;\/p&gt;\n\" data-image-caption=\"\" data-medium-file=\"https:\/\/barricasdemadera.com\/blog\/wp-content\/uploads\/2012\/12\/Camello-hecho-con-duelas-LaHabanaDecoraci\u00f3n-3-224x300.jpg\" data-large-file=\"https:\/\/barricasdemadera.com\/blog\/wp-content\/uploads\/2012\/12\/Camello-hecho-con-duelas-LaHabanaDecoraci\u00f3n-3.jpg\" \/><\/a>\n\t\t\t<\/dt><\/dl><br style=\"clear: both\" \/><dl class='gallery-item'>\n\t\t\t<dt class='gallery-icon portrait'>\n\t\t\t\t<a href='https:\/\/barricasdemadera.com\/blog\/camello-duelas\/camello-hecho-con-duelas-lahabanadecoracion-2\/'><img loading=\"lazy\" decoding=\"async\" width=\"150\" height=\"150\" src=\"https:\/\/barricasdemadera.com\/blog\/wp-content\/uploads\/2012\/12\/Camello-hecho-con-duelas-LaHabanaDecoraci\u00f3n-2-150x150.jpg\" class=\"attachment-thumbnail size-thumbnail\" alt=\"Camello hecho con duelas de barricas usadas, decoraci\u00f3n con duelas de barricas.\" data-attachment-id=\"351\" data-permalink=\"https:\/\/barricasdemadera.com\/blog\/camello-duelas\/camello-hecho-con-duelas-lahabanadecoracion-2\/\" data-orig-file=\"https:\/\/barricasdemadera.com\/blog\/wp-content\/uploads\/2012\/12\/Camello-hecho-con-duelas-LaHabanaDecoraci\u00f3n-2.jpg\" data-orig-size=\"598,800\" data-comments-opened=\"1\" data-image-meta=\"{&quot;aperture&quot;:&quot;2.8&quot;,&quot;credit&quot;:&quot;&quot;,&quot;camera&quot;:&quot;iPhone 4&quot;,&quot;caption&quot;:&quot;&quot;,&quot;created_timestamp&quot;:&quot;1356773907&quot;,&quot;copyright&quot;:&quot;&quot;,&quot;focal_length&quot;:&quot;3.85&quot;,&quot;iso&quot;:&quot;80&quot;,&quot;shutter_speed&quot;:&quot;0.0040160642570281&quot;,&quot;title&quot;:&quot;&quot;}\" data-image-title=\"Camello hecho con duelas &amp;#8211; LaHabanaDecoraci\u00f3n (2)\" data-image-description=\"&lt;p&gt;Camello hecho con duelas de barricas usadas, decoraci\u00f3n con duelas de barricas.&lt;\/p&gt;\n\" data-image-caption=\"\" data-medium-file=\"https:\/\/barricasdemadera.com\/blog\/wp-content\/uploads\/2012\/12\/Camello-hecho-con-duelas-LaHabanaDecoraci\u00f3n-2-224x300.jpg\" data-large-file=\"https:\/\/barricasdemadera.com\/blog\/wp-content\/uploads\/2012\/12\/Camello-hecho-con-duelas-LaHabanaDecoraci\u00f3n-2.jpg\" \/><\/a>\n\t\t\t<\/dt><\/dl><dl class='gallery-item'>\n\t\t\t<dt class='gallery-icon landscape'>\n\t\t\t\t<a href='https:\/\/barricasdemadera.com\/blog\/camello-duelas\/camello-hecho-con-duelas-lahabanadecoracion-1\/'><img loading=\"lazy\" decoding=\"async\" width=\"150\" height=\"150\" src=\"https:\/\/barricasdemadera.com\/blog\/wp-content\/uploads\/2012\/12\/Camello-hecho-con-duelas-LaHabanaDecoraci\u00f3n-1-150x150.jpg\" class=\"attachment-thumbnail size-thumbnail\" alt=\"Camello hecho con duelas de barricas usadas, decoraci\u00f3n con duelas de barricas.\" data-attachment-id=\"350\" data-permalink=\"https:\/\/barricasdemadera.com\/blog\/camello-duelas\/camello-hecho-con-duelas-lahabanadecoracion-1\/\" data-orig-file=\"https:\/\/barricasdemadera.com\/blog\/wp-content\/uploads\/2012\/12\/Camello-hecho-con-duelas-LaHabanaDecoraci\u00f3n-1.jpg\" data-orig-size=\"800,598\" data-comments-opened=\"1\" data-image-meta=\"{&quot;aperture&quot;:&quot;2.8&quot;,&quot;credit&quot;:&quot;&quot;,&quot;camera&quot;:&quot;iPhone 4&quot;,&quot;caption&quot;:&quot;&quot;,&quot;created_timestamp&quot;:&quot;1356773887&quot;,&quot;copyright&quot;:&quot;&quot;,&quot;focal_length&quot;:&quot;3.85&quot;,&quot;iso&quot;:&quot;125&quot;,&quot;shutter_speed&quot;:&quot;0.0083333333333333&quot;,&quot;title&quot;:&quot;&quot;}\" data-image-title=\"Camello hecho con duelas &amp;#8211; LaHabanaDecoraci\u00f3n (1)\" data-image-description=\"&lt;p&gt;Camello hecho con duelas de barricas usadas, decoraci\u00f3n con duelas de barricas.&lt;\/p&gt;\n\" data-image-caption=\"\" data-medium-file=\"https:\/\/barricasdemadera.com\/blog\/wp-content\/uploads\/2012\/12\/Camello-hecho-con-duelas-LaHabanaDecoraci\u00f3n-1-300x224.jpg\" data-large-file=\"https:\/\/barricasdemadera.com\/blog\/wp-content\/uploads\/2012\/12\/Camello-hecho-con-duelas-LaHabanaDecoraci\u00f3n-1.jpg\" \/><\/a>\n\t\t\t<\/dt><\/dl>\n\t\t\t<br style='clear: both' \/>\n\t\t<\/div>\n\n<p style=\"text-align: justify;\">\n","protected":false},"excerpt":{"rendered":"<p>Con motivo del Mercadillo de Reyes que organiza La Habana Decoraci\u00f3n, el equipo de Entred\u00f3s\u00a0ha realizado este espectacular camello \u00fanicamente utilizando duelas de barricas usadas. BarricasDeMadera.com tambi\u00e9n tendr\u00e1 presencia en este mercadillo junto a m\u00e1s expositores. Os invitamos a visitarnos &hellip; <a href=\"https:\/\/barricasdemadera.com\/blog\/camello-duelas\/\">Sigue leyendo <span class=\"meta-nav\">&rarr;<\/span><\/a><\/p>\n","protected":false},"author":1,"featured_media":0,"comment_status":"open","ping_status":"closed","sticky":false,"template":"","format":"standard","meta":{"_jetpack_newsletter_access":"","_jetpack_dont_email_post_to_subs":false,"_jetpack_newsletter_tier_id":0,"_jetpack_memberships_contains_paywalled_content":false,"_jetpack_memberships_contains_paid_content":false,"footnotes":""},"categories":[52],"tags":[159,229,165,155,156,157,160,161,154,158,53,166,167],"class_list":["post-349","post","type-post","status-publish","format-standard","hentry","category-miscelanea","tag-arte-con-duelas","tag-artesania-barricas","tag-barrel-stave","tag-decoracion-con-duelas","tag-duelas","tag-duelas-de-barricas","tag-duelas-de-roble","tag-duelas-decorativas","tag-duelas-usadas","tag-escultura-con-duelas","tag-la-habana-decoracion","tag-oak-staves","tag-used-barrel-stave"],"yoast_head":"<!-- This site is optimized with the Yoast SEO plugin v24.3 - https:\/\/yoast.com\/wordpress\/plugins\/seo\/ -->\n<title>Camello hecho con duelas de barricas<\/title>\n<meta name=\"description\" content=\"Con motivo del Mercadillo de Reyes que organiza La Habana Decoraci\u00f3n, el equipo de Entred\u00f3s ha realizado este espectacular camello \u00fanicamente utilizando duelas de barricas usadas. BarricasDeMadera.com tambi\u00e9n tendr\u00e1 presencia en este mercadillo junto a m\u00e1s expositores.\" \/>\n<meta name=\"robots\" content=\"index, follow, max-snippet:-1, max-image-preview:large, max-video-preview:-1\" \/>\n<link rel=\"canonical\" href=\"https:\/\/barricasdemadera.com\/blog\/camello-duelas\/\" \/>\n<meta property=\"og:locale\" content=\"es_ES\" \/>\n<meta property=\"og:type\" content=\"article\" \/>\n<meta property=\"og:title\" content=\"Camello hecho con duelas de barricas\" \/>\n<meta property=\"og:description\" content=\"Con motivo del Mercadillo de Reyes que organiza La Habana Decoraci\u00f3n, el equipo de Entred\u00f3s ha realizado este espectacular camello \u00fanicamente utilizando duelas de barricas usadas. BarricasDeMadera.com tambi\u00e9n tendr\u00e1 presencia en este mercadillo junto a m\u00e1s expositores.\" \/>\n<meta property=\"og:url\" content=\"https:\/\/barricasdemadera.com\/blog\/camello-duelas\/\" \/>\n<meta property=\"og:site_name\" content=\"BarricasDeMadera.com - Reciclaje y venta de barricas usadas\" \/>\n<meta property=\"article:publisher\" content=\"https:\/\/www.facebook.com\/barricasdemadera.es\/\" \/>\n<meta property=\"article:published_time\" content=\"2012-12-29T09:39:25+00:00\" \/>\n<meta property=\"article:modified_time\" content=\"2013-02-24T16:56:51+00:00\" \/>\n<meta property=\"og:image\" content=\"https:\/\/barricasdemadera.com\/blog\/wp-content\/uploads\/2012\/12\/Camello-hecho-con-duelas-LaHabanaDecoraci\u00f3n-5-150x150.jpg\" \/>\n<meta name=\"author\" content=\"BarricasDeMadera.com\" \/>\n<meta name=\"twitter:card\" content=\"summary_large_image\" \/>\n<meta name=\"twitter:creator\" content=\"@barricasmadera\" \/>\n<meta name=\"twitter:site\" content=\"@barricasmadera\" \/>\n<meta name=\"twitter:label1\" content=\"Escrito por\" \/>\n\t<meta name=\"twitter:data1\" content=\"BarricasDeMadera.com\" \/>\n<script type=\"application\/ld+json\" class=\"yoast-schema-graph\">{\"@context\":\"https:\/\/schema.org\",\"@graph\":[{\"@type\":\"WebPage\",\"@id\":\"https:\/\/barricasdemadera.com\/blog\/camello-duelas\/\",\"url\":\"https:\/\/barricasdemadera.com\/blog\/camello-duelas\/\",\"name\":\"Camello hecho con duelas de barricas\",\"isPartOf\":{\"@id\":\"https:\/\/barricasdemadera.com\/blog\/#website\"},\"datePublished\":\"2012-12-29T09:39:25+00:00\",\"dateModified\":\"2013-02-24T16:56:51+00:00\",\"author\":{\"@id\":\"https:\/\/barricasdemadera.com\/blog\/#\/schema\/person\/febf58d94c9a8028589ac78a738329da\"},\"description\":\"Con motivo del Mercadillo de Reyes que organiza La Habana Decoraci\u00f3n, el equipo de Entred\u00f3s ha realizado este espectacular camello \u00fanicamente utilizando duelas de barricas usadas. BarricasDeMadera.com tambi\u00e9n tendr\u00e1 presencia en este mercadillo junto a m\u00e1s expositores.\",\"breadcrumb\":{\"@id\":\"https:\/\/barricasdemadera.com\/blog\/camello-duelas\/#breadcrumb\"},\"inLanguage\":\"es\",\"potentialAction\":[{\"@type\":\"ReadAction\",\"target\":[\"https:\/\/barricasdemadera.com\/blog\/camello-duelas\/\"]}]},{\"@type\":\"BreadcrumbList\",\"@id\":\"https:\/\/barricasdemadera.com\/blog\/camello-duelas\/#breadcrumb\",\"itemListElement\":[{\"@type\":\"ListItem\",\"position\":1,\"name\":\"arte con duelas\",\"item\":\"https:\/\/barricasdemadera.com\/blog\/tag\/arte-con-duelas\/\"},{\"@type\":\"ListItem\",\"position\":2,\"name\":\"Camello hecho con duelas de barricas\"}]},{\"@type\":\"WebSite\",\"@id\":\"https:\/\/barricasdemadera.com\/blog\/#website\",\"url\":\"https:\/\/barricasdemadera.com\/blog\/\",\"name\":\"BarricasDeMadera.com - Reciclaje y venta de barricas usadas\",\"description\":\"Tienda de barricas de madera usadas online\",\"potentialAction\":[{\"@type\":\"SearchAction\",\"target\":{\"@type\":\"EntryPoint\",\"urlTemplate\":\"https:\/\/barricasdemadera.com\/blog\/?s={search_term_string}\"},\"query-input\":{\"@type\":\"PropertyValueSpecification\",\"valueRequired\":true,\"valueName\":\"search_term_string\"}}],\"inLanguage\":\"es\"},{\"@type\":\"Person\",\"@id\":\"https:\/\/barricasdemadera.com\/blog\/#\/schema\/person\/febf58d94c9a8028589ac78a738329da\",\"name\":\"BarricasDeMadera.com\",\"image\":{\"@type\":\"ImageObject\",\"inLanguage\":\"es\",\"@id\":\"https:\/\/barricasdemadera.com\/blog\/#\/schema\/person\/image\/\",\"url\":\"https:\/\/secure.gravatar.com\/avatar\/21356ba8f4b232ed0f9b06f39f0991931534c799ff8457c1e03b934166590e26?s=96&d=mm&r=g\",\"contentUrl\":\"https:\/\/secure.gravatar.com\/avatar\/21356ba8f4b232ed0f9b06f39f0991931534c799ff8457c1e03b934166590e26?s=96&d=mm&r=g\",\"caption\":\"BarricasDeMadera.com\"},\"sameAs\":[\"https:\/\/barricasdemadera.com\",\"https:\/\/x.com\/@barricasmadera\"],\"url\":\"https:\/\/barricasdemadera.com\/blog\/author\/adminbarricas\/\"}]}<\/script>\n<!-- \/ Yoast SEO plugin. -->","yoast_head_json":{"title":"Camello hecho con duelas de barricas","description":"Con motivo del Mercadillo de Reyes que organiza La Habana Decoraci\u00f3n, el equipo de Entred\u00f3s ha realizado este espectacular camello \u00fanicamente utilizando duelas de barricas usadas. BarricasDeMadera.com tambi\u00e9n tendr\u00e1 presencia en este mercadillo junto a m\u00e1s expositores.","robots":{"index":"index","follow":"follow","max-snippet":"max-snippet:-1","max-image-preview":"max-image-preview:large","max-video-preview":"max-video-preview:-1"},"canonical":"https:\/\/barricasdemadera.com\/blog\/camello-duelas\/","og_locale":"es_ES","og_type":"article","og_title":"Camello hecho con duelas de barricas","og_description":"Con motivo del Mercadillo de Reyes que organiza La Habana Decoraci\u00f3n, el equipo de Entred\u00f3s ha realizado este espectacular camello \u00fanicamente utilizando duelas de barricas usadas. BarricasDeMadera.com tambi\u00e9n tendr\u00e1 presencia en este mercadillo junto a m\u00e1s expositores.","og_url":"https:\/\/barricasdemadera.com\/blog\/camello-duelas\/","og_site_name":"BarricasDeMadera.com - Reciclaje y venta de barricas usadas","article_publisher":"https:\/\/www.facebook.com\/barricasdemadera.es\/","article_published_time":"2012-12-29T09:39:25+00:00","article_modified_time":"2013-02-24T16:56:51+00:00","og_image":[{"url":"https:\/\/barricasdemadera.com\/blog\/wp-content\/uploads\/2012\/12\/Camello-hecho-con-duelas-LaHabanaDecoraci\u00f3n-5-150x150.jpg","type":"","width":"","height":""}],"author":"BarricasDeMadera.com","twitter_card":"summary_large_image","twitter_creator":"@barricasmadera","twitter_site":"@barricasmadera","twitter_misc":{"Escrito por":"BarricasDeMadera.com"},"schema":{"@context":"https:\/\/schema.org","@graph":[{"@type":"WebPage","@id":"https:\/\/barricasdemadera.com\/blog\/camello-duelas\/","url":"https:\/\/barricasdemadera.com\/blog\/camello-duelas\/","name":"Camello hecho con duelas de barricas","isPartOf":{"@id":"https:\/\/barricasdemadera.com\/blog\/#website"},"datePublished":"2012-12-29T09:39:25+00:00","dateModified":"2013-02-24T16:56:51+00:00","author":{"@id":"https:\/\/barricasdemadera.com\/blog\/#\/schema\/person\/febf58d94c9a8028589ac78a738329da"},"description":"Con motivo del Mercadillo de Reyes que organiza La Habana Decoraci\u00f3n, el equipo de Entred\u00f3s ha realizado este espectacular camello \u00fanicamente utilizando duelas de barricas usadas. BarricasDeMadera.com tambi\u00e9n tendr\u00e1 presencia en este mercadillo junto a m\u00e1s expositores.","breadcrumb":{"@id":"https:\/\/barricasdemadera.com\/blog\/camello-duelas\/#breadcrumb"},"inLanguage":"es","potentialAction":[{"@type":"ReadAction","target":["https:\/\/barricasdemadera.com\/blog\/camello-duelas\/"]}]},{"@type":"BreadcrumbList","@id":"https:\/\/barricasdemadera.com\/blog\/camello-duelas\/#breadcrumb","itemListElement":[{"@type":"ListItem","position":1,"name":"arte con duelas","item":"https:\/\/barricasdemadera.com\/blog\/tag\/arte-con-duelas\/"},{"@type":"ListItem","position":2,"name":"Camello hecho con duelas de barricas"}]},{"@type":"WebSite","@id":"https:\/\/barricasdemadera.com\/blog\/#website","url":"https:\/\/barricasdemadera.com\/blog\/","name":"BarricasDeMadera.com - Reciclaje y venta de barricas usadas","description":"Tienda de barricas de madera usadas online","potentialAction":[{"@type":"SearchAction","target":{"@type":"EntryPoint","urlTemplate":"https:\/\/barricasdemadera.com\/blog\/?s={search_term_string}"},"query-input":{"@type":"PropertyValueSpecification","valueRequired":true,"valueName":"search_term_string"}}],"inLanguage":"es"},{"@type":"Person","@id":"https:\/\/barricasdemadera.com\/blog\/#\/schema\/person\/febf58d94c9a8028589ac78a738329da","name":"BarricasDeMadera.com","image":{"@type":"ImageObject","inLanguage":"es","@id":"https:\/\/barricasdemadera.com\/blog\/#\/schema\/person\/image\/","url":"https:\/\/secure.gravatar.com\/avatar\/21356ba8f4b232ed0f9b06f39f0991931534c799ff8457c1e03b934166590e26?s=96&d=mm&r=g","contentUrl":"https:\/\/secure.gravatar.com\/avatar\/21356ba8f4b232ed0f9b06f39f0991931534c799ff8457c1e03b934166590e26?s=96&d=mm&r=g","caption":"BarricasDeMadera.com"},"sameAs":["https:\/\/barricasdemadera.com","https:\/\/x.com\/@barricasmadera"],"url":"https:\/\/barricasdemadera.com\/blog\/author\/adminbarricas\/"}]}},"jetpack_featured_media_url":"","jetpack_shortlink":"https:\/\/wp.me\/p2UXAv-5D","jetpack_sharing_enabled":true,"_links":{"self":[{"href":"https:\/\/barricasdemadera.com\/blog\/wp-json\/wp\/v2\/posts\/349","targetHints":{"allow":["GET"]}}],"collection":[{"href":"https:\/\/barricasdemadera.com\/blog\/wp-json\/wp\/v2\/posts"}],"about":[{"href":"https:\/\/barricasdemadera.com\/blog\/wp-json\/wp\/v2\/types\/post"}],"author":[{"embeddable":true,"href":"https:\/\/barricasdemadera.com\/blog\/wp-json\/wp\/v2\/users\/1"}],"replies":[{"embeddable":true,"href":"https:\/\/barricasdemadera.com\/blog\/wp-json\/wp\/v2\/comments?post=349"}],"version-history":[{"count":12,"href":"https:\/\/barricasdemadera.com\/blog\/wp-json\/wp\/v2\/posts\/349\/revisions"}],"predecessor-version":[{"id":359,"href":"https:\/\/barricasdemadera.com\/blog\/wp-json\/wp\/v2\/posts\/349\/revisions\/359"}],"wp:attachment":[{"href":"https:\/\/barricasdemadera.com\/blog\/wp-json\/wp\/v2\/media?parent=349"}],"wp:term":[{"taxonomy":"category","embeddable":true,"href":"https:\/\/barricasdemadera.com\/blog\/wp-json\/wp\/v2\/categories?post=349"},{"taxonomy":"post_tag","embeddable":true,"href":"https:\/\/barricasdemadera.com\/blog\/wp-json\/wp\/v2\/tags?post=349"}],"curies":[{"name":"wp","href":"https:\/\/api.w.org\/{rel}","templated":true}]}}