{"id":2018,"date":"2026-04-29T12:52:44","date_gmt":"2026-04-29T11:52:44","guid":{"rendered":"https:\/\/barricasdemadera.com\/blog\/?p=2018"},"modified":"2026-04-29T12:52:47","modified_gmt":"2026-04-29T11:52:47","slug":"barricas-seleccionadas","status":"publish","type":"post","link":"https:\/\/barricasdemadera.com\/blog\/barricas-seleccionadas\/","title":{"rendered":"Barricas seleccionadas"},"content":{"rendered":"\n<p>&#x1f69b; Today a full truck of carefully selected barrels 225L is leaving our warehouse, meeting our client\u2019s specific requirements.<\/p>\n\n\n\n<figure class=\"wp-block-image size-full\"><img loading=\"lazy\" decoding=\"async\" width=\"800\" height=\"800\" data-attachment-id=\"2019\" data-permalink=\"https:\/\/barricasdemadera.com\/blog\/barricas-seleccionadas\/camion-seleccionado-1\/\" data-orig-file=\"https:\/\/barricasdemadera.com\/blog\/wp-content\/uploads\/2026\/04\/Camion-Seleccionado-1.jpg\" data-orig-size=\"800,800\" data-comments-opened=\"1\" data-image-meta=\"{&quot;aperture&quot;:&quot;1.78&quot;,&quot;credit&quot;:&quot;&quot;,&quot;camera&quot;:&quot;iPhone 15 Pro&quot;,&quot;caption&quot;:&quot;&quot;,&quot;created_timestamp&quot;:&quot;1711528304&quot;,&quot;copyright&quot;:&quot;&quot;,&quot;focal_length&quot;:&quot;6.86&quot;,&quot;iso&quot;:&quot;640&quot;,&quot;shutter_speed&quot;:&quot;0.016666666666667&quot;,&quot;title&quot;:&quot;&quot;,&quot;orientation&quot;:&quot;1&quot;}\" data-image-title=\"Cami\u00f3n Seleccionado 1\" data-image-description=\"\" data-image-caption=\"\" data-medium-file=\"https:\/\/barricasdemadera.com\/blog\/wp-content\/uploads\/2026\/04\/Camion-Seleccionado-1-300x300.jpg\" data-large-file=\"https:\/\/barricasdemadera.com\/blog\/wp-content\/uploads\/2026\/04\/Camion-Seleccionado-1.jpg\" src=\"https:\/\/barricasdemadera.com\/blog\/wp-content\/uploads\/2026\/04\/Camion-Seleccionado-1.jpg\" alt=\"\" class=\"wp-image-2019\" srcset=\"https:\/\/barricasdemadera.com\/blog\/wp-content\/uploads\/2026\/04\/Camion-Seleccionado-1.jpg 800w, https:\/\/barricasdemadera.com\/blog\/wp-content\/uploads\/2026\/04\/Camion-Seleccionado-1-300x300.jpg 300w, https:\/\/barricasdemadera.com\/blog\/wp-content\/uploads\/2026\/04\/Camion-Seleccionado-1-150x150.jpg 150w, https:\/\/barricasdemadera.com\/blog\/wp-content\/uploads\/2026\/04\/Camion-Seleccionado-1-768x768.jpg 768w\" sizes=\"auto, (max-width: 800px) 100vw, 800px\" \/><\/figure>\n\n\n\n<p>Each barrel has been individually inspected to ensure it meets the highest quality standards: no cracks, no breaks, no bulging heads, no damaged hoops, and good stave thickness.<\/p>\n\n\n\n<p>A demanding selection process that ensures the final product is in optimal condition for use.<\/p>\n\n\n\n<figure class=\"wp-block-image size-full\"><img loading=\"lazy\" decoding=\"async\" width=\"800\" height=\"800\" data-attachment-id=\"2022\" data-permalink=\"https:\/\/barricasdemadera.com\/blog\/barricas-seleccionadas\/camion-seleccionado-3\/\" data-orig-file=\"https:\/\/barricasdemadera.com\/blog\/wp-content\/uploads\/2026\/04\/Camion-Seleccionado-3.jpg\" data-orig-size=\"800,800\" data-comments-opened=\"1\" data-image-meta=\"{&quot;aperture&quot;:&quot;1.78&quot;,&quot;credit&quot;:&quot;&quot;,&quot;camera&quot;:&quot;iPhone 15 Pro&quot;,&quot;caption&quot;:&quot;&quot;,&quot;created_timestamp&quot;:&quot;1711528304&quot;,&quot;copyright&quot;:&quot;&quot;,&quot;focal_length&quot;:&quot;6.86&quot;,&quot;iso&quot;:&quot;640&quot;,&quot;shutter_speed&quot;:&quot;0.016666666666667&quot;,&quot;title&quot;:&quot;&quot;,&quot;orientation&quot;:&quot;1&quot;}\" data-image-title=\"Cami\u00f3n Seleccionado 3\" data-image-description=\"\" data-image-caption=\"\" data-medium-file=\"https:\/\/barricasdemadera.com\/blog\/wp-content\/uploads\/2026\/04\/Camion-Seleccionado-3-300x300.jpg\" data-large-file=\"https:\/\/barricasdemadera.com\/blog\/wp-content\/uploads\/2026\/04\/Camion-Seleccionado-3.jpg\" src=\"https:\/\/barricasdemadera.com\/blog\/wp-content\/uploads\/2026\/04\/Camion-Seleccionado-3.jpg\" alt=\"\" class=\"wp-image-2022\" srcset=\"https:\/\/barricasdemadera.com\/blog\/wp-content\/uploads\/2026\/04\/Camion-Seleccionado-3.jpg 800w, https:\/\/barricasdemadera.com\/blog\/wp-content\/uploads\/2026\/04\/Camion-Seleccionado-3-300x300.jpg 300w, https:\/\/barricasdemadera.com\/blog\/wp-content\/uploads\/2026\/04\/Camion-Seleccionado-3-150x150.jpg 150w, https:\/\/barricasdemadera.com\/blog\/wp-content\/uploads\/2026\/04\/Camion-Seleccionado-3-768x768.jpg 768w\" sizes=\"auto, (max-width: 800px) 100vw, 800px\" \/><\/figure>\n\n\n\n<p>&#x1f69b; Hoy sale de nuestro almac\u00e9n un cami\u00f3n completo de barricas de 225L cuidadosamente seleccionadas, cumpliendo con los requerimientos espec\u00edficos de nuestro cliente.<\/p>\n\n\n\n<p>Cada barrica ha sido revisada individualmente para garantizar que cumple con los m\u00e1s altos est\u00e1ndares de calidad: sin fisuras, sin roturas, sin fondos abombados, sin aros deteriorados y con un buen grosor de duela.<\/p>\n\n\n\n<figure class=\"wp-block-image size-full\"><img loading=\"lazy\" decoding=\"async\" width=\"800\" height=\"800\" data-attachment-id=\"2021\" data-permalink=\"https:\/\/barricasdemadera.com\/blog\/barricas-seleccionadas\/camion-seleccionado-4\/\" data-orig-file=\"https:\/\/barricasdemadera.com\/blog\/wp-content\/uploads\/2026\/04\/Camion-Seleccionado-4.jpg\" data-orig-size=\"800,800\" data-comments-opened=\"1\" data-image-meta=\"{&quot;aperture&quot;:&quot;1.78&quot;,&quot;credit&quot;:&quot;&quot;,&quot;camera&quot;:&quot;iPhone 15 Pro&quot;,&quot;caption&quot;:&quot;&quot;,&quot;created_timestamp&quot;:&quot;1711528304&quot;,&quot;copyright&quot;:&quot;&quot;,&quot;focal_length&quot;:&quot;6.86&quot;,&quot;iso&quot;:&quot;640&quot;,&quot;shutter_speed&quot;:&quot;0.016666666666667&quot;,&quot;title&quot;:&quot;&quot;,&quot;orientation&quot;:&quot;1&quot;}\" data-image-title=\"Cami\u00f3n Seleccionado 4\" data-image-description=\"\" data-image-caption=\"\" data-medium-file=\"https:\/\/barricasdemadera.com\/blog\/wp-content\/uploads\/2026\/04\/Camion-Seleccionado-4-300x300.jpg\" data-large-file=\"https:\/\/barricasdemadera.com\/blog\/wp-content\/uploads\/2026\/04\/Camion-Seleccionado-4.jpg\" src=\"https:\/\/barricasdemadera.com\/blog\/wp-content\/uploads\/2026\/04\/Camion-Seleccionado-4.jpg\" alt=\"\" class=\"wp-image-2021\" srcset=\"https:\/\/barricasdemadera.com\/blog\/wp-content\/uploads\/2026\/04\/Camion-Seleccionado-4.jpg 800w, https:\/\/barricasdemadera.com\/blog\/wp-content\/uploads\/2026\/04\/Camion-Seleccionado-4-300x300.jpg 300w, https:\/\/barricasdemadera.com\/blog\/wp-content\/uploads\/2026\/04\/Camion-Seleccionado-4-150x150.jpg 150w, https:\/\/barricasdemadera.com\/blog\/wp-content\/uploads\/2026\/04\/Camion-Seleccionado-4-768x768.jpg 768w\" sizes=\"auto, (max-width: 800px) 100vw, 800px\" \/><\/figure>\n\n\n\n<p>Un trabajo de selecci\u00f3n exigente que asegura que el producto final est\u00e9 en condiciones \u00f3ptimas para su uso.<\/p>\n\n\n\n<h1 class=\"wp-block-heading\">bodegas #barricas #toneler\u00eda #winebarrels #winery #distillery #destiler\u00eda #spiritsindustry #destillerie<\/h1>\n","protected":false},"excerpt":{"rendered":"<p>&#x1f69b; Today a full truck of carefully selected barrels 225L is leaving our warehouse, meeting our client\u2019s specific requirements. Each barrel has been individually inspected to ensure it meets the highest quality standards: no cracks, no breaks, no bulging heads, &hellip; <a href=\"https:\/\/barricasdemadera.com\/blog\/barricas-seleccionadas\/\">Sigue leyendo <span class=\"meta-nav\">&rarr;<\/span><\/a><\/p>\n","protected":false},"author":1,"featured_media":0,"comment_status":"open","ping_status":"closed","sticky":false,"template":"","format":"standard","meta":{"_jetpack_newsletter_access":"","_jetpack_dont_email_post_to_subs":true,"_jetpack_newsletter_tier_id":0,"_jetpack_memberships_contains_paywalled_content":false,"_jetpack_memberships_contains_paid_content":false,"footnotes":""},"categories":[5],"tags":[],"class_list":["post-2018","post","type-post","status-publish","format-standard","hentry","category-barricas-usadas"],"yoast_head":"<!-- This site is optimized with the Yoast SEO plugin v24.3 - https:\/\/yoast.com\/wordpress\/plugins\/seo\/ -->\n<title>Barricas seleccionadas - BarricasDeMadera.com - Reciclaje y venta de barricas usadas<\/title>\n<meta name=\"robots\" content=\"index, follow, max-snippet:-1, max-image-preview:large, max-video-preview:-1\" \/>\n<link rel=\"canonical\" href=\"https:\/\/barricasdemadera.com\/blog\/barricas-seleccionadas\/\" \/>\n<meta property=\"og:locale\" content=\"es_ES\" \/>\n<meta property=\"og:type\" content=\"article\" \/>\n<meta property=\"og:title\" content=\"Barricas seleccionadas - BarricasDeMadera.com - Reciclaje y venta de barricas usadas\" \/>\n<meta property=\"og:description\" content=\"&#x1f69b; Today a full truck of carefully selected barrels 225L is leaving our warehouse, meeting our client\u2019s specific requirements. Each barrel has been individually inspected to ensure it meets the highest quality standards: no cracks, no breaks, no bulging heads, &hellip; Sigue leyendo &rarr;\" \/>\n<meta property=\"og:url\" content=\"https:\/\/barricasdemadera.com\/blog\/barricas-seleccionadas\/\" \/>\n<meta property=\"og:site_name\" content=\"BarricasDeMadera.com - Reciclaje y venta de barricas usadas\" \/>\n<meta property=\"article:publisher\" content=\"https:\/\/www.facebook.com\/barricasdemadera.es\/\" \/>\n<meta property=\"article:published_time\" content=\"2026-04-29T11:52:44+00:00\" \/>\n<meta property=\"article:modified_time\" content=\"2026-04-29T11:52:47+00:00\" \/>\n<meta property=\"og:image\" content=\"https:\/\/barricasdemadera.com\/blog\/wp-content\/uploads\/2026\/04\/Camion-Seleccionado-1.jpg\" \/>\n\t<meta property=\"og:image:width\" content=\"800\" \/>\n\t<meta property=\"og:image:height\" content=\"800\" \/>\n\t<meta property=\"og:image:type\" content=\"image\/jpeg\" \/>\n<meta name=\"author\" content=\"BarricasDeMadera.com\" \/>\n<meta name=\"twitter:card\" content=\"summary_large_image\" \/>\n<meta name=\"twitter:creator\" content=\"@barricasmadera\" \/>\n<meta name=\"twitter:site\" content=\"@barricasmadera\" \/>\n<meta name=\"twitter:label1\" content=\"Escrito por\" \/>\n\t<meta name=\"twitter:data1\" content=\"BarricasDeMadera.com\" \/>\n\t<meta name=\"twitter:label2\" content=\"Tiempo de lectura\" \/>\n\t<meta name=\"twitter:data2\" content=\"2 minutos\" \/>\n<script type=\"application\/ld+json\" class=\"yoast-schema-graph\">{\"@context\":\"https:\/\/schema.org\",\"@graph\":[{\"@type\":\"WebPage\",\"@id\":\"https:\/\/barricasdemadera.com\/blog\/barricas-seleccionadas\/\",\"url\":\"https:\/\/barricasdemadera.com\/blog\/barricas-seleccionadas\/\",\"name\":\"Barricas seleccionadas - BarricasDeMadera.com - Reciclaje y venta de barricas usadas\",\"isPartOf\":{\"@id\":\"https:\/\/barricasdemadera.com\/blog\/#website\"},\"primaryImageOfPage\":{\"@id\":\"https:\/\/barricasdemadera.com\/blog\/barricas-seleccionadas\/#primaryimage\"},\"image\":{\"@id\":\"https:\/\/barricasdemadera.com\/blog\/barricas-seleccionadas\/#primaryimage\"},\"thumbnailUrl\":\"https:\/\/barricasdemadera.com\/blog\/wp-content\/uploads\/2026\/04\/Camion-Seleccionado-1.jpg\",\"datePublished\":\"2026-04-29T11:52:44+00:00\",\"dateModified\":\"2026-04-29T11:52:47+00:00\",\"author\":{\"@id\":\"https:\/\/barricasdemadera.com\/blog\/#\/schema\/person\/febf58d94c9a8028589ac78a738329da\"},\"inLanguage\":\"es\",\"potentialAction\":[{\"@type\":\"ReadAction\",\"target\":[\"https:\/\/barricasdemadera.com\/blog\/barricas-seleccionadas\/\"]}]},{\"@type\":\"ImageObject\",\"inLanguage\":\"es\",\"@id\":\"https:\/\/barricasdemadera.com\/blog\/barricas-seleccionadas\/#primaryimage\",\"url\":\"https:\/\/barricasdemadera.com\/blog\/wp-content\/uploads\/2026\/04\/Camion-Seleccionado-1.jpg\",\"contentUrl\":\"https:\/\/barricasdemadera.com\/blog\/wp-content\/uploads\/2026\/04\/Camion-Seleccionado-1.jpg\",\"width\":800,\"height\":800},{\"@type\":\"WebSite\",\"@id\":\"https:\/\/barricasdemadera.com\/blog\/#website\",\"url\":\"https:\/\/barricasdemadera.com\/blog\/\",\"name\":\"BarricasDeMadera.com - Reciclaje y venta de barricas usadas\",\"description\":\"Tienda de barricas de madera usadas online\",\"potentialAction\":[{\"@type\":\"SearchAction\",\"target\":{\"@type\":\"EntryPoint\",\"urlTemplate\":\"https:\/\/barricasdemadera.com\/blog\/?s={search_term_string}\"},\"query-input\":{\"@type\":\"PropertyValueSpecification\",\"valueRequired\":true,\"valueName\":\"search_term_string\"}}],\"inLanguage\":\"es\"},{\"@type\":\"Person\",\"@id\":\"https:\/\/barricasdemadera.com\/blog\/#\/schema\/person\/febf58d94c9a8028589ac78a738329da\",\"name\":\"BarricasDeMadera.com\",\"image\":{\"@type\":\"ImageObject\",\"inLanguage\":\"es\",\"@id\":\"https:\/\/barricasdemadera.com\/blog\/#\/schema\/person\/image\/\",\"url\":\"https:\/\/secure.gravatar.com\/avatar\/21356ba8f4b232ed0f9b06f39f0991931534c799ff8457c1e03b934166590e26?s=96&d=mm&r=g\",\"contentUrl\":\"https:\/\/secure.gravatar.com\/avatar\/21356ba8f4b232ed0f9b06f39f0991931534c799ff8457c1e03b934166590e26?s=96&d=mm&r=g\",\"caption\":\"BarricasDeMadera.com\"},\"sameAs\":[\"https:\/\/barricasdemadera.com\",\"https:\/\/x.com\/@barricasmadera\"],\"url\":\"https:\/\/barricasdemadera.com\/blog\/author\/adminbarricas\/\"}]}<\/script>\n<!-- \/ Yoast SEO plugin. -->","yoast_head_json":{"title":"Barricas seleccionadas - BarricasDeMadera.com - Reciclaje y venta de barricas usadas","robots":{"index":"index","follow":"follow","max-snippet":"max-snippet:-1","max-image-preview":"max-image-preview:large","max-video-preview":"max-video-preview:-1"},"canonical":"https:\/\/barricasdemadera.com\/blog\/barricas-seleccionadas\/","og_locale":"es_ES","og_type":"article","og_title":"Barricas seleccionadas - BarricasDeMadera.com - Reciclaje y venta de barricas usadas","og_description":"&#x1f69b; Today a full truck of carefully selected barrels 225L is leaving our warehouse, meeting our client\u2019s specific requirements. Each barrel has been individually inspected to ensure it meets the highest quality standards: no cracks, no breaks, no bulging heads, &hellip; Sigue leyendo &rarr;","og_url":"https:\/\/barricasdemadera.com\/blog\/barricas-seleccionadas\/","og_site_name":"BarricasDeMadera.com - Reciclaje y venta de barricas usadas","article_publisher":"https:\/\/www.facebook.com\/barricasdemadera.es\/","article_published_time":"2026-04-29T11:52:44+00:00","article_modified_time":"2026-04-29T11:52:47+00:00","og_image":[{"width":800,"height":800,"url":"https:\/\/barricasdemadera.com\/blog\/wp-content\/uploads\/2026\/04\/Camion-Seleccionado-1.jpg","type":"image\/jpeg"}],"author":"BarricasDeMadera.com","twitter_card":"summary_large_image","twitter_creator":"@barricasmadera","twitter_site":"@barricasmadera","twitter_misc":{"Escrito por":"BarricasDeMadera.com","Tiempo de lectura":"2 minutos"},"schema":{"@context":"https:\/\/schema.org","@graph":[{"@type":"WebPage","@id":"https:\/\/barricasdemadera.com\/blog\/barricas-seleccionadas\/","url":"https:\/\/barricasdemadera.com\/blog\/barricas-seleccionadas\/","name":"Barricas seleccionadas - BarricasDeMadera.com - Reciclaje y venta de barricas usadas","isPartOf":{"@id":"https:\/\/barricasdemadera.com\/blog\/#website"},"primaryImageOfPage":{"@id":"https:\/\/barricasdemadera.com\/blog\/barricas-seleccionadas\/#primaryimage"},"image":{"@id":"https:\/\/barricasdemadera.com\/blog\/barricas-seleccionadas\/#primaryimage"},"thumbnailUrl":"https:\/\/barricasdemadera.com\/blog\/wp-content\/uploads\/2026\/04\/Camion-Seleccionado-1.jpg","datePublished":"2026-04-29T11:52:44+00:00","dateModified":"2026-04-29T11:52:47+00:00","author":{"@id":"https:\/\/barricasdemadera.com\/blog\/#\/schema\/person\/febf58d94c9a8028589ac78a738329da"},"inLanguage":"es","potentialAction":[{"@type":"ReadAction","target":["https:\/\/barricasdemadera.com\/blog\/barricas-seleccionadas\/"]}]},{"@type":"ImageObject","inLanguage":"es","@id":"https:\/\/barricasdemadera.com\/blog\/barricas-seleccionadas\/#primaryimage","url":"https:\/\/barricasdemadera.com\/blog\/wp-content\/uploads\/2026\/04\/Camion-Seleccionado-1.jpg","contentUrl":"https:\/\/barricasdemadera.com\/blog\/wp-content\/uploads\/2026\/04\/Camion-Seleccionado-1.jpg","width":800,"height":800},{"@type":"WebSite","@id":"https:\/\/barricasdemadera.com\/blog\/#website","url":"https:\/\/barricasdemadera.com\/blog\/","name":"BarricasDeMadera.com - Reciclaje y venta de barricas usadas","description":"Tienda de barricas de madera usadas online","potentialAction":[{"@type":"SearchAction","target":{"@type":"EntryPoint","urlTemplate":"https:\/\/barricasdemadera.com\/blog\/?s={search_term_string}"},"query-input":{"@type":"PropertyValueSpecification","valueRequired":true,"valueName":"search_term_string"}}],"inLanguage":"es"},{"@type":"Person","@id":"https:\/\/barricasdemadera.com\/blog\/#\/schema\/person\/febf58d94c9a8028589ac78a738329da","name":"BarricasDeMadera.com","image":{"@type":"ImageObject","inLanguage":"es","@id":"https:\/\/barricasdemadera.com\/blog\/#\/schema\/person\/image\/","url":"https:\/\/secure.gravatar.com\/avatar\/21356ba8f4b232ed0f9b06f39f0991931534c799ff8457c1e03b934166590e26?s=96&d=mm&r=g","contentUrl":"https:\/\/secure.gravatar.com\/avatar\/21356ba8f4b232ed0f9b06f39f0991931534c799ff8457c1e03b934166590e26?s=96&d=mm&r=g","caption":"BarricasDeMadera.com"},"sameAs":["https:\/\/barricasdemadera.com","https:\/\/x.com\/@barricasmadera"],"url":"https:\/\/barricasdemadera.com\/blog\/author\/adminbarricas\/"}]}},"jetpack_featured_media_url":"","jetpack_shortlink":"https:\/\/wp.me\/p2UXAv-wy","jetpack_sharing_enabled":true,"_links":{"self":[{"href":"https:\/\/barricasdemadera.com\/blog\/wp-json\/wp\/v2\/posts\/2018","targetHints":{"allow":["GET"]}}],"collection":[{"href":"https:\/\/barricasdemadera.com\/blog\/wp-json\/wp\/v2\/posts"}],"about":[{"href":"https:\/\/barricasdemadera.com\/blog\/wp-json\/wp\/v2\/types\/post"}],"author":[{"embeddable":true,"href":"https:\/\/barricasdemadera.com\/blog\/wp-json\/wp\/v2\/users\/1"}],"replies":[{"embeddable":true,"href":"https:\/\/barricasdemadera.com\/blog\/wp-json\/wp\/v2\/comments?post=2018"}],"version-history":[{"count":1,"href":"https:\/\/barricasdemadera.com\/blog\/wp-json\/wp\/v2\/posts\/2018\/revisions"}],"predecessor-version":[{"id":2023,"href":"https:\/\/barricasdemadera.com\/blog\/wp-json\/wp\/v2\/posts\/2018\/revisions\/2023"}],"wp:attachment":[{"href":"https:\/\/barricasdemadera.com\/blog\/wp-json\/wp\/v2\/media?parent=2018"}],"wp:term":[{"taxonomy":"category","embeddable":true,"href":"https:\/\/barricasdemadera.com\/blog\/wp-json\/wp\/v2\/categories?post=2018"},{"taxonomy":"post_tag","embeddable":true,"href":"https:\/\/barricasdemadera.com\/blog\/wp-json\/wp\/v2\/tags?post=2018"}],"curies":[{"name":"wp","href":"https:\/\/api.w.org\/{rel}","templated":true}]}}