{"id":2012,"date":"2026-04-28T12:18:41","date_gmt":"2026-04-28T11:18:41","guid":{"rendered":"https:\/\/barricasdemadera.com\/blog\/?p=2012"},"modified":"2026-04-28T12:18:45","modified_gmt":"2026-04-28T11:18:45","slug":"%e2%9c%a8-new-order-on-the-way-%e2%9c%a8","status":"publish","type":"post","link":"https:\/\/barricasdemadera.com\/blog\/%e2%9c%a8-new-order-on-the-way-%e2%9c%a8\/","title":{"rendered":"&#x2728; NEW ORDER ON THE WAY &#x2728;"},"content":{"rendered":"\n<p>A new order of metal racks for oak barrels 225L is leaving in this truck for our customer, with 364 units and this distinctive special color.<\/p>\n\n\n\n<figure class=\"wp-block-image size-full\"><img loading=\"lazy\" decoding=\"async\" width=\"800\" height=\"800\" data-attachment-id=\"2013\" data-permalink=\"https:\/\/barricasdemadera.com\/blog\/%e2%9c%a8-new-order-on-the-way-%e2%9c%a8\/barrel-racks-225-liters-01\/\" data-orig-file=\"https:\/\/barricasdemadera.com\/blog\/wp-content\/uploads\/2026\/04\/barrel-racks-225-liters-01.jpg\" data-orig-size=\"800,800\" data-comments-opened=\"1\" data-image-meta=\"{&quot;aperture&quot;:&quot;0&quot;,&quot;credit&quot;:&quot;&quot;,&quot;camera&quot;:&quot;&quot;,&quot;caption&quot;:&quot;&quot;,&quot;created_timestamp&quot;:&quot;0&quot;,&quot;copyright&quot;:&quot;&quot;,&quot;focal_length&quot;:&quot;0&quot;,&quot;iso&quot;:&quot;0&quot;,&quot;shutter_speed&quot;:&quot;0&quot;,&quot;title&quot;:&quot;&quot;,&quot;orientation&quot;:&quot;1&quot;}\" data-image-title=\"barrel racks 225 liters 01\" data-image-description=\"\" data-image-caption=\"\" data-medium-file=\"https:\/\/barricasdemadera.com\/blog\/wp-content\/uploads\/2026\/04\/barrel-racks-225-liters-01-300x300.jpg\" data-large-file=\"https:\/\/barricasdemadera.com\/blog\/wp-content\/uploads\/2026\/04\/barrel-racks-225-liters-01.jpg\" src=\"https:\/\/barricasdemadera.com\/blog\/wp-content\/uploads\/2026\/04\/barrel-racks-225-liters-01.jpg\" alt=\"\" class=\"wp-image-2013\" srcset=\"https:\/\/barricasdemadera.com\/blog\/wp-content\/uploads\/2026\/04\/barrel-racks-225-liters-01.jpg 800w, https:\/\/barricasdemadera.com\/blog\/wp-content\/uploads\/2026\/04\/barrel-racks-225-liters-01-300x300.jpg 300w, https:\/\/barricasdemadera.com\/blog\/wp-content\/uploads\/2026\/04\/barrel-racks-225-liters-01-150x150.jpg 150w, https:\/\/barricasdemadera.com\/blog\/wp-content\/uploads\/2026\/04\/barrel-racks-225-liters-01-768x768.jpg 768w\" sizes=\"auto, (max-width: 800px) 100vw, 800px\" \/><\/figure>\n\n\n\n<p>Another shipment reinforcing our supply of equipment for wineries and wine storage projects.<\/p>\n\n\n\n<figure class=\"wp-block-image size-full\"><img loading=\"lazy\" decoding=\"async\" width=\"800\" height=\"800\" data-attachment-id=\"2014\" data-permalink=\"https:\/\/barricasdemadera.com\/blog\/%e2%9c%a8-new-order-on-the-way-%e2%9c%a8\/barrel-racks-225-liters-02\/\" data-orig-file=\"https:\/\/barricasdemadera.com\/blog\/wp-content\/uploads\/2026\/04\/barrel-racks-225-liters-02.jpg\" data-orig-size=\"800,800\" data-comments-opened=\"1\" data-image-meta=\"{&quot;aperture&quot;:&quot;0&quot;,&quot;credit&quot;:&quot;&quot;,&quot;camera&quot;:&quot;&quot;,&quot;caption&quot;:&quot;&quot;,&quot;created_timestamp&quot;:&quot;0&quot;,&quot;copyright&quot;:&quot;&quot;,&quot;focal_length&quot;:&quot;0&quot;,&quot;iso&quot;:&quot;0&quot;,&quot;shutter_speed&quot;:&quot;0&quot;,&quot;title&quot;:&quot;&quot;,&quot;orientation&quot;:&quot;1&quot;}\" data-image-title=\"barrel racks 225 liters 02\" data-image-description=\"\" data-image-caption=\"\" data-medium-file=\"https:\/\/barricasdemadera.com\/blog\/wp-content\/uploads\/2026\/04\/barrel-racks-225-liters-02-300x300.jpg\" data-large-file=\"https:\/\/barricasdemadera.com\/blog\/wp-content\/uploads\/2026\/04\/barrel-racks-225-liters-02.jpg\" src=\"https:\/\/barricasdemadera.com\/blog\/wp-content\/uploads\/2026\/04\/barrel-racks-225-liters-02.jpg\" alt=\"\" class=\"wp-image-2014\" srcset=\"https:\/\/barricasdemadera.com\/blog\/wp-content\/uploads\/2026\/04\/barrel-racks-225-liters-02.jpg 800w, https:\/\/barricasdemadera.com\/blog\/wp-content\/uploads\/2026\/04\/barrel-racks-225-liters-02-300x300.jpg 300w, https:\/\/barricasdemadera.com\/blog\/wp-content\/uploads\/2026\/04\/barrel-racks-225-liters-02-150x150.jpg 150w, https:\/\/barricasdemadera.com\/blog\/wp-content\/uploads\/2026\/04\/barrel-racks-225-liters-02-768x768.jpg 768w\" sizes=\"auto, (max-width: 800px) 100vw, 800px\" \/><\/figure>\n\n\n\n<p>More units available in stock.<br \/>Contact us for orders or more information.<\/p>\n\n\n\n<p>&#x2728; NUEVO PEDIDO EN CAMINO &#x2728;<\/p>\n\n\n\n<p>Un nuevo pedido de durmientes met\u00e1licos para barricas de madera de 225L sale en este cami\u00f3n para nuestro cliente, con 364 unidades y este caracter\u00edstico color especial.<\/p>\n\n\n\n<figure class=\"wp-block-image size-full\"><img loading=\"lazy\" decoding=\"async\" width=\"800\" height=\"800\" data-attachment-id=\"2015\" data-permalink=\"https:\/\/barricasdemadera.com\/blog\/%e2%9c%a8-new-order-on-the-way-%e2%9c%a8\/barrel-racks-225-liters-03\/\" data-orig-file=\"https:\/\/barricasdemadera.com\/blog\/wp-content\/uploads\/2026\/04\/barrel-racks-225-liters-03.jpg\" data-orig-size=\"800,800\" data-comments-opened=\"1\" data-image-meta=\"{&quot;aperture&quot;:&quot;0&quot;,&quot;credit&quot;:&quot;&quot;,&quot;camera&quot;:&quot;&quot;,&quot;caption&quot;:&quot;&quot;,&quot;created_timestamp&quot;:&quot;0&quot;,&quot;copyright&quot;:&quot;&quot;,&quot;focal_length&quot;:&quot;0&quot;,&quot;iso&quot;:&quot;0&quot;,&quot;shutter_speed&quot;:&quot;0&quot;,&quot;title&quot;:&quot;&quot;,&quot;orientation&quot;:&quot;1&quot;}\" data-image-title=\"barrel racks 225 liters 03\" data-image-description=\"\" data-image-caption=\"\" data-medium-file=\"https:\/\/barricasdemadera.com\/blog\/wp-content\/uploads\/2026\/04\/barrel-racks-225-liters-03-300x300.jpg\" data-large-file=\"https:\/\/barricasdemadera.com\/blog\/wp-content\/uploads\/2026\/04\/barrel-racks-225-liters-03.jpg\" src=\"https:\/\/barricasdemadera.com\/blog\/wp-content\/uploads\/2026\/04\/barrel-racks-225-liters-03.jpg\" alt=\"\" class=\"wp-image-2015\" srcset=\"https:\/\/barricasdemadera.com\/blog\/wp-content\/uploads\/2026\/04\/barrel-racks-225-liters-03.jpg 800w, https:\/\/barricasdemadera.com\/blog\/wp-content\/uploads\/2026\/04\/barrel-racks-225-liters-03-300x300.jpg 300w, https:\/\/barricasdemadera.com\/blog\/wp-content\/uploads\/2026\/04\/barrel-racks-225-liters-03-150x150.jpg 150w, https:\/\/barricasdemadera.com\/blog\/wp-content\/uploads\/2026\/04\/barrel-racks-225-liters-03-768x768.jpg 768w\" sizes=\"auto, (max-width: 800px) 100vw, 800px\" \/><\/figure>\n\n\n\n<p>Un env\u00edo m\u00e1s que refuerza nuestro suministro de equipamiento para bodegas y proyectos de almacenamiento de vino.<\/p>\n\n\n\n<figure class=\"wp-block-image size-full\"><img loading=\"lazy\" decoding=\"async\" width=\"800\" height=\"800\" data-attachment-id=\"2016\" data-permalink=\"https:\/\/barricasdemadera.com\/blog\/%e2%9c%a8-new-order-on-the-way-%e2%9c%a8\/barrel-racks-225-liters-04\/\" data-orig-file=\"https:\/\/barricasdemadera.com\/blog\/wp-content\/uploads\/2026\/04\/barrel-racks-225-liters-04.jpg\" data-orig-size=\"800,800\" data-comments-opened=\"1\" data-image-meta=\"{&quot;aperture&quot;:&quot;0&quot;,&quot;credit&quot;:&quot;&quot;,&quot;camera&quot;:&quot;&quot;,&quot;caption&quot;:&quot;&quot;,&quot;created_timestamp&quot;:&quot;0&quot;,&quot;copyright&quot;:&quot;&quot;,&quot;focal_length&quot;:&quot;0&quot;,&quot;iso&quot;:&quot;0&quot;,&quot;shutter_speed&quot;:&quot;0&quot;,&quot;title&quot;:&quot;&quot;,&quot;orientation&quot;:&quot;1&quot;}\" data-image-title=\"barrel racks 225 liters 04\" data-image-description=\"\" data-image-caption=\"\" data-medium-file=\"https:\/\/barricasdemadera.com\/blog\/wp-content\/uploads\/2026\/04\/barrel-racks-225-liters-04-300x300.jpg\" data-large-file=\"https:\/\/barricasdemadera.com\/blog\/wp-content\/uploads\/2026\/04\/barrel-racks-225-liters-04.jpg\" src=\"https:\/\/barricasdemadera.com\/blog\/wp-content\/uploads\/2026\/04\/barrel-racks-225-liters-04.jpg\" alt=\"\" class=\"wp-image-2016\" srcset=\"https:\/\/barricasdemadera.com\/blog\/wp-content\/uploads\/2026\/04\/barrel-racks-225-liters-04.jpg 800w, https:\/\/barricasdemadera.com\/blog\/wp-content\/uploads\/2026\/04\/barrel-racks-225-liters-04-300x300.jpg 300w, https:\/\/barricasdemadera.com\/blog\/wp-content\/uploads\/2026\/04\/barrel-racks-225-liters-04-150x150.jpg 150w, https:\/\/barricasdemadera.com\/blog\/wp-content\/uploads\/2026\/04\/barrel-racks-225-liters-04-768x768.jpg 768w\" sizes=\"auto, (max-width: 800px) 100vw, 800px\" \/><\/figure>\n\n\n\n<p>Disponemos de m\u00e1s unidades en stock.<br \/>Para pedidos o informaci\u00f3n, cont\u00e1ctanos.<\/p>\n\n\n\n<h1 class=\"wp-block-heading\">bodegas #winery #destillerie #metalracks #barrelsracks #winestorage #distillery #brewery<\/h1>\n","protected":false},"excerpt":{"rendered":"<p>A new order of metal racks for oak barrels 225L is leaving in this truck for our customer, with 364 units and this distinctive special color. Another shipment reinforcing our supply of equipment for wineries and wine storage projects. More &hellip; <a href=\"https:\/\/barricasdemadera.com\/blog\/%e2%9c%a8-new-order-on-the-way-%e2%9c%a8\/\">Sigue leyendo <span class=\"meta-nav\">&rarr;<\/span><\/a><\/p>\n","protected":false},"author":1,"featured_media":0,"comment_status":"open","ping_status":"closed","sticky":false,"template":"","format":"standard","meta":{"_jetpack_newsletter_access":"","_jetpack_dont_email_post_to_subs":true,"_jetpack_newsletter_tier_id":0,"_jetpack_memberships_contains_paywalled_content":false,"_jetpack_memberships_contains_paid_content":false,"footnotes":""},"categories":[5],"tags":[],"class_list":["post-2012","post","type-post","status-publish","format-standard","hentry","category-barricas-usadas"],"yoast_head":"<!-- This site is optimized with the Yoast SEO plugin v24.3 - https:\/\/yoast.com\/wordpress\/plugins\/seo\/ -->\n<title>&#x2728; NEW ORDER ON THE WAY &#x2728; - BarricasDeMadera.com - Reciclaje y venta de barricas usadas<\/title>\n<meta name=\"robots\" content=\"index, follow, max-snippet:-1, max-image-preview:large, max-video-preview:-1\" \/>\n<link rel=\"canonical\" href=\"https:\/\/barricasdemadera.com\/blog\/\u2728-new-order-on-the-way-\u2728\/\" \/>\n<meta property=\"og:locale\" content=\"es_ES\" \/>\n<meta property=\"og:type\" content=\"article\" \/>\n<meta property=\"og:title\" content=\"&#x2728; NEW ORDER ON THE WAY &#x2728; - BarricasDeMadera.com - Reciclaje y venta de barricas usadas\" \/>\n<meta property=\"og:description\" content=\"A new order of metal racks for oak barrels 225L is leaving in this truck for our customer, with 364 units and this distinctive special color. Another shipment reinforcing our supply of equipment for wineries and wine storage projects. More &hellip; Sigue leyendo &rarr;\" \/>\n<meta property=\"og:url\" content=\"https:\/\/barricasdemadera.com\/blog\/\u2728-new-order-on-the-way-\u2728\/\" \/>\n<meta property=\"og:site_name\" content=\"BarricasDeMadera.com - Reciclaje y venta de barricas usadas\" \/>\n<meta property=\"article:publisher\" content=\"https:\/\/www.facebook.com\/barricasdemadera.es\/\" \/>\n<meta property=\"article:published_time\" content=\"2026-04-28T11:18:41+00:00\" \/>\n<meta property=\"article:modified_time\" content=\"2026-04-28T11:18:45+00:00\" \/>\n<meta property=\"og:image\" content=\"https:\/\/barricasdemadera.com\/blog\/wp-content\/uploads\/2026\/04\/barrel-racks-225-liters-01.jpg\" \/>\n\t<meta property=\"og:image:width\" content=\"800\" \/>\n\t<meta property=\"og:image:height\" content=\"800\" \/>\n\t<meta property=\"og:image:type\" content=\"image\/jpeg\" \/>\n<meta name=\"author\" content=\"BarricasDeMadera.com\" \/>\n<meta name=\"twitter:card\" content=\"summary_large_image\" \/>\n<meta name=\"twitter:creator\" content=\"@barricasmadera\" \/>\n<meta name=\"twitter:site\" content=\"@barricasmadera\" \/>\n<meta name=\"twitter:label1\" content=\"Escrito por\" \/>\n\t<meta name=\"twitter:data1\" content=\"BarricasDeMadera.com\" \/>\n\t<meta name=\"twitter:label2\" content=\"Tiempo de lectura\" \/>\n\t<meta name=\"twitter:data2\" content=\"2 minutos\" \/>\n<script type=\"application\/ld+json\" class=\"yoast-schema-graph\">{\"@context\":\"https:\/\/schema.org\",\"@graph\":[{\"@type\":\"WebPage\",\"@id\":\"https:\/\/barricasdemadera.com\/blog\/%e2%9c%a8-new-order-on-the-way-%e2%9c%a8\/\",\"url\":\"https:\/\/barricasdemadera.com\/blog\/%e2%9c%a8-new-order-on-the-way-%e2%9c%a8\/\",\"name\":\"&#x2728; NEW ORDER ON THE WAY &#x2728; - BarricasDeMadera.com - Reciclaje y venta de barricas usadas\",\"isPartOf\":{\"@id\":\"https:\/\/barricasdemadera.com\/blog\/#website\"},\"primaryImageOfPage\":{\"@id\":\"https:\/\/barricasdemadera.com\/blog\/%e2%9c%a8-new-order-on-the-way-%e2%9c%a8\/#primaryimage\"},\"image\":{\"@id\":\"https:\/\/barricasdemadera.com\/blog\/%e2%9c%a8-new-order-on-the-way-%e2%9c%a8\/#primaryimage\"},\"thumbnailUrl\":\"https:\/\/barricasdemadera.com\/blog\/wp-content\/uploads\/2026\/04\/barrel-racks-225-liters-01.jpg\",\"datePublished\":\"2026-04-28T11:18:41+00:00\",\"dateModified\":\"2026-04-28T11:18:45+00:00\",\"author\":{\"@id\":\"https:\/\/barricasdemadera.com\/blog\/#\/schema\/person\/febf58d94c9a8028589ac78a738329da\"},\"inLanguage\":\"es\",\"potentialAction\":[{\"@type\":\"ReadAction\",\"target\":[\"https:\/\/barricasdemadera.com\/blog\/%e2%9c%a8-new-order-on-the-way-%e2%9c%a8\/\"]}]},{\"@type\":\"ImageObject\",\"inLanguage\":\"es\",\"@id\":\"https:\/\/barricasdemadera.com\/blog\/%e2%9c%a8-new-order-on-the-way-%e2%9c%a8\/#primaryimage\",\"url\":\"https:\/\/barricasdemadera.com\/blog\/wp-content\/uploads\/2026\/04\/barrel-racks-225-liters-01.jpg\",\"contentUrl\":\"https:\/\/barricasdemadera.com\/blog\/wp-content\/uploads\/2026\/04\/barrel-racks-225-liters-01.jpg\",\"width\":800,\"height\":800},{\"@type\":\"WebSite\",\"@id\":\"https:\/\/barricasdemadera.com\/blog\/#website\",\"url\":\"https:\/\/barricasdemadera.com\/blog\/\",\"name\":\"BarricasDeMadera.com - Reciclaje y venta de barricas usadas\",\"description\":\"Tienda de barricas de madera usadas online\",\"potentialAction\":[{\"@type\":\"SearchAction\",\"target\":{\"@type\":\"EntryPoint\",\"urlTemplate\":\"https:\/\/barricasdemadera.com\/blog\/?s={search_term_string}\"},\"query-input\":{\"@type\":\"PropertyValueSpecification\",\"valueRequired\":true,\"valueName\":\"search_term_string\"}}],\"inLanguage\":\"es\"},{\"@type\":\"Person\",\"@id\":\"https:\/\/barricasdemadera.com\/blog\/#\/schema\/person\/febf58d94c9a8028589ac78a738329da\",\"name\":\"BarricasDeMadera.com\",\"image\":{\"@type\":\"ImageObject\",\"inLanguage\":\"es\",\"@id\":\"https:\/\/barricasdemadera.com\/blog\/#\/schema\/person\/image\/\",\"url\":\"https:\/\/secure.gravatar.com\/avatar\/21356ba8f4b232ed0f9b06f39f0991931534c799ff8457c1e03b934166590e26?s=96&d=mm&r=g\",\"contentUrl\":\"https:\/\/secure.gravatar.com\/avatar\/21356ba8f4b232ed0f9b06f39f0991931534c799ff8457c1e03b934166590e26?s=96&d=mm&r=g\",\"caption\":\"BarricasDeMadera.com\"},\"sameAs\":[\"https:\/\/barricasdemadera.com\",\"https:\/\/x.com\/@barricasmadera\"],\"url\":\"https:\/\/barricasdemadera.com\/blog\/author\/adminbarricas\/\"}]}<\/script>\n<!-- \/ Yoast SEO plugin. -->","yoast_head_json":{"title":"&#x2728; NEW ORDER ON THE WAY &#x2728; - BarricasDeMadera.com - Reciclaje y venta de barricas usadas","robots":{"index":"index","follow":"follow","max-snippet":"max-snippet:-1","max-image-preview":"max-image-preview:large","max-video-preview":"max-video-preview:-1"},"canonical":"https:\/\/barricasdemadera.com\/blog\/\u2728-new-order-on-the-way-\u2728\/","og_locale":"es_ES","og_type":"article","og_title":"&#x2728; NEW ORDER ON THE WAY &#x2728; - BarricasDeMadera.com - Reciclaje y venta de barricas usadas","og_description":"A new order of metal racks for oak barrels 225L is leaving in this truck for our customer, with 364 units and this distinctive special color. Another shipment reinforcing our supply of equipment for wineries and wine storage projects. More &hellip; Sigue leyendo &rarr;","og_url":"https:\/\/barricasdemadera.com\/blog\/\u2728-new-order-on-the-way-\u2728\/","og_site_name":"BarricasDeMadera.com - Reciclaje y venta de barricas usadas","article_publisher":"https:\/\/www.facebook.com\/barricasdemadera.es\/","article_published_time":"2026-04-28T11:18:41+00:00","article_modified_time":"2026-04-28T11:18:45+00:00","og_image":[{"width":800,"height":800,"url":"https:\/\/barricasdemadera.com\/blog\/wp-content\/uploads\/2026\/04\/barrel-racks-225-liters-01.jpg","type":"image\/jpeg"}],"author":"BarricasDeMadera.com","twitter_card":"summary_large_image","twitter_creator":"@barricasmadera","twitter_site":"@barricasmadera","twitter_misc":{"Escrito por":"BarricasDeMadera.com","Tiempo de lectura":"2 minutos"},"schema":{"@context":"https:\/\/schema.org","@graph":[{"@type":"WebPage","@id":"https:\/\/barricasdemadera.com\/blog\/%e2%9c%a8-new-order-on-the-way-%e2%9c%a8\/","url":"https:\/\/barricasdemadera.com\/blog\/%e2%9c%a8-new-order-on-the-way-%e2%9c%a8\/","name":"&#x2728; NEW ORDER ON THE WAY &#x2728; - BarricasDeMadera.com - Reciclaje y venta de barricas usadas","isPartOf":{"@id":"https:\/\/barricasdemadera.com\/blog\/#website"},"primaryImageOfPage":{"@id":"https:\/\/barricasdemadera.com\/blog\/%e2%9c%a8-new-order-on-the-way-%e2%9c%a8\/#primaryimage"},"image":{"@id":"https:\/\/barricasdemadera.com\/blog\/%e2%9c%a8-new-order-on-the-way-%e2%9c%a8\/#primaryimage"},"thumbnailUrl":"https:\/\/barricasdemadera.com\/blog\/wp-content\/uploads\/2026\/04\/barrel-racks-225-liters-01.jpg","datePublished":"2026-04-28T11:18:41+00:00","dateModified":"2026-04-28T11:18:45+00:00","author":{"@id":"https:\/\/barricasdemadera.com\/blog\/#\/schema\/person\/febf58d94c9a8028589ac78a738329da"},"inLanguage":"es","potentialAction":[{"@type":"ReadAction","target":["https:\/\/barricasdemadera.com\/blog\/%e2%9c%a8-new-order-on-the-way-%e2%9c%a8\/"]}]},{"@type":"ImageObject","inLanguage":"es","@id":"https:\/\/barricasdemadera.com\/blog\/%e2%9c%a8-new-order-on-the-way-%e2%9c%a8\/#primaryimage","url":"https:\/\/barricasdemadera.com\/blog\/wp-content\/uploads\/2026\/04\/barrel-racks-225-liters-01.jpg","contentUrl":"https:\/\/barricasdemadera.com\/blog\/wp-content\/uploads\/2026\/04\/barrel-racks-225-liters-01.jpg","width":800,"height":800},{"@type":"WebSite","@id":"https:\/\/barricasdemadera.com\/blog\/#website","url":"https:\/\/barricasdemadera.com\/blog\/","name":"BarricasDeMadera.com - Reciclaje y venta de barricas usadas","description":"Tienda de barricas de madera usadas online","potentialAction":[{"@type":"SearchAction","target":{"@type":"EntryPoint","urlTemplate":"https:\/\/barricasdemadera.com\/blog\/?s={search_term_string}"},"query-input":{"@type":"PropertyValueSpecification","valueRequired":true,"valueName":"search_term_string"}}],"inLanguage":"es"},{"@type":"Person","@id":"https:\/\/barricasdemadera.com\/blog\/#\/schema\/person\/febf58d94c9a8028589ac78a738329da","name":"BarricasDeMadera.com","image":{"@type":"ImageObject","inLanguage":"es","@id":"https:\/\/barricasdemadera.com\/blog\/#\/schema\/person\/image\/","url":"https:\/\/secure.gravatar.com\/avatar\/21356ba8f4b232ed0f9b06f39f0991931534c799ff8457c1e03b934166590e26?s=96&d=mm&r=g","contentUrl":"https:\/\/secure.gravatar.com\/avatar\/21356ba8f4b232ed0f9b06f39f0991931534c799ff8457c1e03b934166590e26?s=96&d=mm&r=g","caption":"BarricasDeMadera.com"},"sameAs":["https:\/\/barricasdemadera.com","https:\/\/x.com\/@barricasmadera"],"url":"https:\/\/barricasdemadera.com\/blog\/author\/adminbarricas\/"}]}},"jetpack_featured_media_url":"","jetpack_shortlink":"https:\/\/wp.me\/p2UXAv-ws","jetpack_sharing_enabled":true,"_links":{"self":[{"href":"https:\/\/barricasdemadera.com\/blog\/wp-json\/wp\/v2\/posts\/2012","targetHints":{"allow":["GET"]}}],"collection":[{"href":"https:\/\/barricasdemadera.com\/blog\/wp-json\/wp\/v2\/posts"}],"about":[{"href":"https:\/\/barricasdemadera.com\/blog\/wp-json\/wp\/v2\/types\/post"}],"author":[{"embeddable":true,"href":"https:\/\/barricasdemadera.com\/blog\/wp-json\/wp\/v2\/users\/1"}],"replies":[{"embeddable":true,"href":"https:\/\/barricasdemadera.com\/blog\/wp-json\/wp\/v2\/comments?post=2012"}],"version-history":[{"count":1,"href":"https:\/\/barricasdemadera.com\/blog\/wp-json\/wp\/v2\/posts\/2012\/revisions"}],"predecessor-version":[{"id":2017,"href":"https:\/\/barricasdemadera.com\/blog\/wp-json\/wp\/v2\/posts\/2012\/revisions\/2017"}],"wp:attachment":[{"href":"https:\/\/barricasdemadera.com\/blog\/wp-json\/wp\/v2\/media?parent=2012"}],"wp:term":[{"taxonomy":"category","embeddable":true,"href":"https:\/\/barricasdemadera.com\/blog\/wp-json\/wp\/v2\/categories?post=2012"},{"taxonomy":"post_tag","embeddable":true,"href":"https:\/\/barricasdemadera.com\/blog\/wp-json\/wp\/v2\/tags?post=2012"}],"curies":[{"name":"wp","href":"https:\/\/api.w.org\/{rel}","templated":true}]}}