{"id":1949,"date":"2026-03-16T14:37:28","date_gmt":"2026-03-16T13:37:28","guid":{"rendered":"https:\/\/barricasdemadera.com\/blog\/?p=1949"},"modified":"2026-03-16T14:37:33","modified_gmt":"2026-03-16T13:37:33","slug":"%f0%9f%8d%b7-barrels-and-barrel-racks-available","status":"publish","type":"post","link":"https:\/\/barricasdemadera.com\/blog\/%f0%9f%8d%b7-barrels-and-barrel-racks-available\/","title":{"rendered":"&#x1f377; Barrels and barrel racks available"},"content":{"rendered":"\n<p>&#x1f377; Barrels and barrel racks available<\/p>\n\n\n\n<p>New mixed load ready with barrels and barrel racks available for delivery.<\/p>\n\n\n\n<figure class=\"wp-block-image size-full\"><img loading=\"lazy\" decoding=\"async\" width=\"800\" height=\"800\" data-attachment-id=\"1950\" data-permalink=\"https:\/\/barricasdemadera.com\/blog\/%f0%9f%8d%b7-barrels-and-barrel-racks-available\/carga-mixta-1\/\" data-orig-file=\"https:\/\/barricasdemadera.com\/blog\/wp-content\/uploads\/2026\/03\/Carga-mixta-1.jpg\" data-orig-size=\"800,800\" data-comments-opened=\"1\" data-image-meta=\"{&quot;aperture&quot;:&quot;1.78&quot;,&quot;credit&quot;:&quot;&quot;,&quot;camera&quot;:&quot;iPhone 15 Pro&quot;,&quot;caption&quot;:&quot;&quot;,&quot;created_timestamp&quot;:&quot;1711528304&quot;,&quot;copyright&quot;:&quot;&quot;,&quot;focal_length&quot;:&quot;6.86&quot;,&quot;iso&quot;:&quot;640&quot;,&quot;shutter_speed&quot;:&quot;0.016666666666667&quot;,&quot;title&quot;:&quot;&quot;,&quot;orientation&quot;:&quot;1&quot;}\" data-image-title=\"Carga mixta 1\" data-image-description=\"\" data-image-caption=\"\" data-medium-file=\"https:\/\/barricasdemadera.com\/blog\/wp-content\/uploads\/2026\/03\/Carga-mixta-1-300x300.jpg\" data-large-file=\"https:\/\/barricasdemadera.com\/blog\/wp-content\/uploads\/2026\/03\/Carga-mixta-1.jpg\" src=\"https:\/\/barricasdemadera.com\/blog\/wp-content\/uploads\/2026\/03\/Carga-mixta-1.jpg\" alt=\"\" class=\"wp-image-1950\" srcset=\"https:\/\/barricasdemadera.com\/blog\/wp-content\/uploads\/2026\/03\/Carga-mixta-1.jpg 800w, https:\/\/barricasdemadera.com\/blog\/wp-content\/uploads\/2026\/03\/Carga-mixta-1-300x300.jpg 300w, https:\/\/barricasdemadera.com\/blog\/wp-content\/uploads\/2026\/03\/Carga-mixta-1-150x150.jpg 150w, https:\/\/barricasdemadera.com\/blog\/wp-content\/uploads\/2026\/03\/Carga-mixta-1-768x768.jpg 768w\" sizes=\"auto, (max-width: 800px) 100vw, 800px\" \/><\/figure>\n\n\n\n<p>&#x1f4e6; Stock available<br \/>&#x1f69a; Transport and delivery<\/p>\n\n\n\n<p>Contact us for more information.<\/p>\n\n\n\n<figure class=\"wp-block-image size-full\"><img loading=\"lazy\" decoding=\"async\" width=\"800\" height=\"800\" data-attachment-id=\"1951\" data-permalink=\"https:\/\/barricasdemadera.com\/blog\/%f0%9f%8d%b7-barrels-and-barrel-racks-available\/carga-mixta-2\/\" data-orig-file=\"https:\/\/barricasdemadera.com\/blog\/wp-content\/uploads\/2026\/03\/Carga-mixta-2.jpg\" data-orig-size=\"800,800\" data-comments-opened=\"1\" data-image-meta=\"{&quot;aperture&quot;:&quot;1.78&quot;,&quot;credit&quot;:&quot;&quot;,&quot;camera&quot;:&quot;iPhone 15 Pro&quot;,&quot;caption&quot;:&quot;&quot;,&quot;created_timestamp&quot;:&quot;1711528304&quot;,&quot;copyright&quot;:&quot;&quot;,&quot;focal_length&quot;:&quot;6.86&quot;,&quot;iso&quot;:&quot;640&quot;,&quot;shutter_speed&quot;:&quot;0.016666666666667&quot;,&quot;title&quot;:&quot;&quot;,&quot;orientation&quot;:&quot;1&quot;}\" data-image-title=\"Carga mixta 2\" data-image-description=\"\" data-image-caption=\"\" data-medium-file=\"https:\/\/barricasdemadera.com\/blog\/wp-content\/uploads\/2026\/03\/Carga-mixta-2-300x300.jpg\" data-large-file=\"https:\/\/barricasdemadera.com\/blog\/wp-content\/uploads\/2026\/03\/Carga-mixta-2.jpg\" src=\"https:\/\/barricasdemadera.com\/blog\/wp-content\/uploads\/2026\/03\/Carga-mixta-2.jpg\" alt=\"\" class=\"wp-image-1951\" srcset=\"https:\/\/barricasdemadera.com\/blog\/wp-content\/uploads\/2026\/03\/Carga-mixta-2.jpg 800w, https:\/\/barricasdemadera.com\/blog\/wp-content\/uploads\/2026\/03\/Carga-mixta-2-300x300.jpg 300w, https:\/\/barricasdemadera.com\/blog\/wp-content\/uploads\/2026\/03\/Carga-mixta-2-150x150.jpg 150w, https:\/\/barricasdemadera.com\/blog\/wp-content\/uploads\/2026\/03\/Carga-mixta-2-768x768.jpg 768w\" sizes=\"auto, (max-width: 800px) 100vw, 800px\" \/><\/figure>\n\n\n\n<p>&#x1f377; Barricas y durmientes disponibles<\/p>\n\n\n\n<p>Nueva carga mixta preparada con barricas y durmientes listos para su entrega.<\/p>\n\n\n\n<figure class=\"wp-block-image size-full\"><img loading=\"lazy\" decoding=\"async\" width=\"800\" height=\"800\" data-attachment-id=\"1952\" data-permalink=\"https:\/\/barricasdemadera.com\/blog\/%f0%9f%8d%b7-barrels-and-barrel-racks-available\/carga-mixta-3\/\" data-orig-file=\"https:\/\/barricasdemadera.com\/blog\/wp-content\/uploads\/2026\/03\/Carga-mixta-3.jpg\" data-orig-size=\"800,800\" data-comments-opened=\"1\" data-image-meta=\"{&quot;aperture&quot;:&quot;1.78&quot;,&quot;credit&quot;:&quot;&quot;,&quot;camera&quot;:&quot;iPhone 15 Pro&quot;,&quot;caption&quot;:&quot;&quot;,&quot;created_timestamp&quot;:&quot;1711528304&quot;,&quot;copyright&quot;:&quot;&quot;,&quot;focal_length&quot;:&quot;6.86&quot;,&quot;iso&quot;:&quot;640&quot;,&quot;shutter_speed&quot;:&quot;0.016666666666667&quot;,&quot;title&quot;:&quot;&quot;,&quot;orientation&quot;:&quot;1&quot;}\" data-image-title=\"Carga mixta 3\" data-image-description=\"\" data-image-caption=\"\" data-medium-file=\"https:\/\/barricasdemadera.com\/blog\/wp-content\/uploads\/2026\/03\/Carga-mixta-3-300x300.jpg\" data-large-file=\"https:\/\/barricasdemadera.com\/blog\/wp-content\/uploads\/2026\/03\/Carga-mixta-3.jpg\" src=\"https:\/\/barricasdemadera.com\/blog\/wp-content\/uploads\/2026\/03\/Carga-mixta-3.jpg\" alt=\"\" class=\"wp-image-1952\" srcset=\"https:\/\/barricasdemadera.com\/blog\/wp-content\/uploads\/2026\/03\/Carga-mixta-3.jpg 800w, https:\/\/barricasdemadera.com\/blog\/wp-content\/uploads\/2026\/03\/Carga-mixta-3-300x300.jpg 300w, https:\/\/barricasdemadera.com\/blog\/wp-content\/uploads\/2026\/03\/Carga-mixta-3-150x150.jpg 150w, https:\/\/barricasdemadera.com\/blog\/wp-content\/uploads\/2026\/03\/Carga-mixta-3-768x768.jpg 768w\" sizes=\"auto, (max-width: 800px) 100vw, 800px\" \/><\/figure>\n\n\n\n<p>&#x1f4e6; Stock disponible<br \/>&#x1f69a; Transporte y entrega<\/p>\n\n\n\n<p>Cont\u00e1ctanos para m\u00e1s informaci\u00f3n.<\/p>\n\n\n\n<figure class=\"wp-block-image size-full\"><img loading=\"lazy\" decoding=\"async\" width=\"800\" height=\"800\" data-attachment-id=\"1953\" data-permalink=\"https:\/\/barricasdemadera.com\/blog\/%f0%9f%8d%b7-barrels-and-barrel-racks-available\/carga-mixta-4\/\" data-orig-file=\"https:\/\/barricasdemadera.com\/blog\/wp-content\/uploads\/2026\/03\/Carga-mixta-4.jpg\" data-orig-size=\"800,800\" data-comments-opened=\"1\" data-image-meta=\"{&quot;aperture&quot;:&quot;1.78&quot;,&quot;credit&quot;:&quot;&quot;,&quot;camera&quot;:&quot;iPhone 15 Pro&quot;,&quot;caption&quot;:&quot;&quot;,&quot;created_timestamp&quot;:&quot;1711528304&quot;,&quot;copyright&quot;:&quot;&quot;,&quot;focal_length&quot;:&quot;6.86&quot;,&quot;iso&quot;:&quot;640&quot;,&quot;shutter_speed&quot;:&quot;0.016666666666667&quot;,&quot;title&quot;:&quot;&quot;,&quot;orientation&quot;:&quot;1&quot;}\" data-image-title=\"Carga mixta 4\" data-image-description=\"\" data-image-caption=\"\" data-medium-file=\"https:\/\/barricasdemadera.com\/blog\/wp-content\/uploads\/2026\/03\/Carga-mixta-4-300x300.jpg\" data-large-file=\"https:\/\/barricasdemadera.com\/blog\/wp-content\/uploads\/2026\/03\/Carga-mixta-4.jpg\" src=\"https:\/\/barricasdemadera.com\/blog\/wp-content\/uploads\/2026\/03\/Carga-mixta-4.jpg\" alt=\"\" class=\"wp-image-1953\" srcset=\"https:\/\/barricasdemadera.com\/blog\/wp-content\/uploads\/2026\/03\/Carga-mixta-4.jpg 800w, https:\/\/barricasdemadera.com\/blog\/wp-content\/uploads\/2026\/03\/Carga-mixta-4-300x300.jpg 300w, https:\/\/barricasdemadera.com\/blog\/wp-content\/uploads\/2026\/03\/Carga-mixta-4-150x150.jpg 150w, https:\/\/barricasdemadera.com\/blog\/wp-content\/uploads\/2026\/03\/Carga-mixta-4-768x768.jpg 768w\" sizes=\"auto, (max-width: 800px) 100vw, 800px\" \/><\/figure>\n\n\n\n<h1 class=\"wp-block-heading\">#winebarrels #woodbarrels #barricasdevino #barricasdemadera<\/h1>\n","protected":false},"excerpt":{"rendered":"<p>&#x1f377; Barrels and barrel racks available New mixed load ready with barrels and barrel racks available for delivery. &#x1f4e6; Stock available&#x1f69a; Transport and delivery Contact us for more information. &#x1f377; Barricas y durmientes disponibles Nueva carga mixta preparada con barricas &hellip; <a href=\"https:\/\/barricasdemadera.com\/blog\/%f0%9f%8d%b7-barrels-and-barrel-racks-available\/\">Sigue leyendo <span class=\"meta-nav\">&rarr;<\/span><\/a><\/p>\n","protected":false},"author":1,"featured_media":0,"comment_status":"open","ping_status":"closed","sticky":false,"template":"","format":"standard","meta":{"_jetpack_newsletter_access":"","_jetpack_dont_email_post_to_subs":false,"_jetpack_newsletter_tier_id":0,"_jetpack_memberships_contains_paywalled_content":false,"_jetpack_memberships_contains_paid_content":false,"footnotes":""},"categories":[5],"tags":[],"class_list":["post-1949","post","type-post","status-publish","format-standard","hentry","category-barricas-usadas"],"yoast_head":"<!-- This site is optimized with the Yoast SEO plugin v24.3 - https:\/\/yoast.com\/wordpress\/plugins\/seo\/ -->\n<title>&#x1f377; Barrels and barrel racks available - BarricasDeMadera.com - Reciclaje y venta de barricas usadas<\/title>\n<meta name=\"robots\" content=\"index, follow, max-snippet:-1, max-image-preview:large, max-video-preview:-1\" \/>\n<link rel=\"canonical\" href=\"https:\/\/barricasdemadera.com\/blog\/\ud83c\udf77-barrels-and-barrel-racks-available\/\" \/>\n<meta property=\"og:locale\" content=\"es_ES\" \/>\n<meta property=\"og:type\" content=\"article\" \/>\n<meta property=\"og:title\" content=\"&#x1f377; Barrels and barrel racks available - BarricasDeMadera.com - Reciclaje y venta de barricas usadas\" \/>\n<meta property=\"og:description\" content=\"&#x1f377; Barrels and barrel racks available New mixed load ready with barrels and barrel racks available for delivery. &#x1f4e6; Stock available&#x1f69a; Transport and delivery Contact us for more information. &#x1f377; Barricas y durmientes disponibles Nueva carga mixta preparada con barricas &hellip; Sigue leyendo &rarr;\" \/>\n<meta property=\"og:url\" content=\"https:\/\/barricasdemadera.com\/blog\/\ud83c\udf77-barrels-and-barrel-racks-available\/\" \/>\n<meta property=\"og:site_name\" content=\"BarricasDeMadera.com - Reciclaje y venta de barricas usadas\" \/>\n<meta property=\"article:publisher\" content=\"https:\/\/www.facebook.com\/barricasdemadera.es\/\" \/>\n<meta property=\"article:published_time\" content=\"2026-03-16T13:37:28+00:00\" \/>\n<meta property=\"article:modified_time\" content=\"2026-03-16T13:37:33+00:00\" \/>\n<meta property=\"og:image\" content=\"https:\/\/barricasdemadera.com\/blog\/wp-content\/uploads\/2026\/03\/Carga-mixta-1.jpg\" \/>\n\t<meta property=\"og:image:width\" content=\"800\" \/>\n\t<meta property=\"og:image:height\" content=\"800\" \/>\n\t<meta property=\"og:image:type\" content=\"image\/jpeg\" \/>\n<meta name=\"author\" content=\"BarricasDeMadera.com\" \/>\n<meta name=\"twitter:card\" content=\"summary_large_image\" \/>\n<meta name=\"twitter:creator\" content=\"@barricasmadera\" \/>\n<meta name=\"twitter:site\" content=\"@barricasmadera\" \/>\n<meta name=\"twitter:label1\" content=\"Escrito por\" \/>\n\t<meta name=\"twitter:data1\" content=\"BarricasDeMadera.com\" \/>\n\t<meta name=\"twitter:label2\" content=\"Tiempo de lectura\" \/>\n\t<meta name=\"twitter:data2\" content=\"2 minutos\" \/>\n<script type=\"application\/ld+json\" class=\"yoast-schema-graph\">{\"@context\":\"https:\/\/schema.org\",\"@graph\":[{\"@type\":\"WebPage\",\"@id\":\"https:\/\/barricasdemadera.com\/blog\/%f0%9f%8d%b7-barrels-and-barrel-racks-available\/\",\"url\":\"https:\/\/barricasdemadera.com\/blog\/%f0%9f%8d%b7-barrels-and-barrel-racks-available\/\",\"name\":\"&#x1f377; Barrels and barrel racks available - BarricasDeMadera.com - Reciclaje y venta de barricas usadas\",\"isPartOf\":{\"@id\":\"https:\/\/barricasdemadera.com\/blog\/#website\"},\"primaryImageOfPage\":{\"@id\":\"https:\/\/barricasdemadera.com\/blog\/%f0%9f%8d%b7-barrels-and-barrel-racks-available\/#primaryimage\"},\"image\":{\"@id\":\"https:\/\/barricasdemadera.com\/blog\/%f0%9f%8d%b7-barrels-and-barrel-racks-available\/#primaryimage\"},\"thumbnailUrl\":\"https:\/\/barricasdemadera.com\/blog\/wp-content\/uploads\/2026\/03\/Carga-mixta-1.jpg\",\"datePublished\":\"2026-03-16T13:37:28+00:00\",\"dateModified\":\"2026-03-16T13:37:33+00:00\",\"author\":{\"@id\":\"https:\/\/barricasdemadera.com\/blog\/#\/schema\/person\/febf58d94c9a8028589ac78a738329da\"},\"inLanguage\":\"es\",\"potentialAction\":[{\"@type\":\"ReadAction\",\"target\":[\"https:\/\/barricasdemadera.com\/blog\/%f0%9f%8d%b7-barrels-and-barrel-racks-available\/\"]}]},{\"@type\":\"ImageObject\",\"inLanguage\":\"es\",\"@id\":\"https:\/\/barricasdemadera.com\/blog\/%f0%9f%8d%b7-barrels-and-barrel-racks-available\/#primaryimage\",\"url\":\"https:\/\/barricasdemadera.com\/blog\/wp-content\/uploads\/2026\/03\/Carga-mixta-1.jpg\",\"contentUrl\":\"https:\/\/barricasdemadera.com\/blog\/wp-content\/uploads\/2026\/03\/Carga-mixta-1.jpg\",\"width\":800,\"height\":800},{\"@type\":\"WebSite\",\"@id\":\"https:\/\/barricasdemadera.com\/blog\/#website\",\"url\":\"https:\/\/barricasdemadera.com\/blog\/\",\"name\":\"BarricasDeMadera.com - Reciclaje y venta de barricas usadas\",\"description\":\"Tienda de barricas de madera usadas online\",\"potentialAction\":[{\"@type\":\"SearchAction\",\"target\":{\"@type\":\"EntryPoint\",\"urlTemplate\":\"https:\/\/barricasdemadera.com\/blog\/?s={search_term_string}\"},\"query-input\":{\"@type\":\"PropertyValueSpecification\",\"valueRequired\":true,\"valueName\":\"search_term_string\"}}],\"inLanguage\":\"es\"},{\"@type\":\"Person\",\"@id\":\"https:\/\/barricasdemadera.com\/blog\/#\/schema\/person\/febf58d94c9a8028589ac78a738329da\",\"name\":\"BarricasDeMadera.com\",\"image\":{\"@type\":\"ImageObject\",\"inLanguage\":\"es\",\"@id\":\"https:\/\/barricasdemadera.com\/blog\/#\/schema\/person\/image\/\",\"url\":\"https:\/\/secure.gravatar.com\/avatar\/21356ba8f4b232ed0f9b06f39f0991931534c799ff8457c1e03b934166590e26?s=96&d=mm&r=g\",\"contentUrl\":\"https:\/\/secure.gravatar.com\/avatar\/21356ba8f4b232ed0f9b06f39f0991931534c799ff8457c1e03b934166590e26?s=96&d=mm&r=g\",\"caption\":\"BarricasDeMadera.com\"},\"sameAs\":[\"https:\/\/barricasdemadera.com\",\"https:\/\/x.com\/@barricasmadera\"],\"url\":\"https:\/\/barricasdemadera.com\/blog\/author\/adminbarricas\/\"}]}<\/script>\n<!-- \/ Yoast SEO plugin. -->","yoast_head_json":{"title":"&#x1f377; Barrels and barrel racks available - BarricasDeMadera.com - Reciclaje y venta de barricas usadas","robots":{"index":"index","follow":"follow","max-snippet":"max-snippet:-1","max-image-preview":"max-image-preview:large","max-video-preview":"max-video-preview:-1"},"canonical":"https:\/\/barricasdemadera.com\/blog\/\ud83c\udf77-barrels-and-barrel-racks-available\/","og_locale":"es_ES","og_type":"article","og_title":"&#x1f377; Barrels and barrel racks available - BarricasDeMadera.com - Reciclaje y venta de barricas usadas","og_description":"&#x1f377; Barrels and barrel racks available New mixed load ready with barrels and barrel racks available for delivery. &#x1f4e6; Stock available&#x1f69a; Transport and delivery Contact us for more information. &#x1f377; Barricas y durmientes disponibles Nueva carga mixta preparada con barricas &hellip; Sigue leyendo &rarr;","og_url":"https:\/\/barricasdemadera.com\/blog\/\ud83c\udf77-barrels-and-barrel-racks-available\/","og_site_name":"BarricasDeMadera.com - Reciclaje y venta de barricas usadas","article_publisher":"https:\/\/www.facebook.com\/barricasdemadera.es\/","article_published_time":"2026-03-16T13:37:28+00:00","article_modified_time":"2026-03-16T13:37:33+00:00","og_image":[{"width":800,"height":800,"url":"https:\/\/barricasdemadera.com\/blog\/wp-content\/uploads\/2026\/03\/Carga-mixta-1.jpg","type":"image\/jpeg"}],"author":"BarricasDeMadera.com","twitter_card":"summary_large_image","twitter_creator":"@barricasmadera","twitter_site":"@barricasmadera","twitter_misc":{"Escrito por":"BarricasDeMadera.com","Tiempo de lectura":"2 minutos"},"schema":{"@context":"https:\/\/schema.org","@graph":[{"@type":"WebPage","@id":"https:\/\/barricasdemadera.com\/blog\/%f0%9f%8d%b7-barrels-and-barrel-racks-available\/","url":"https:\/\/barricasdemadera.com\/blog\/%f0%9f%8d%b7-barrels-and-barrel-racks-available\/","name":"&#x1f377; Barrels and barrel racks available - BarricasDeMadera.com - Reciclaje y venta de barricas usadas","isPartOf":{"@id":"https:\/\/barricasdemadera.com\/blog\/#website"},"primaryImageOfPage":{"@id":"https:\/\/barricasdemadera.com\/blog\/%f0%9f%8d%b7-barrels-and-barrel-racks-available\/#primaryimage"},"image":{"@id":"https:\/\/barricasdemadera.com\/blog\/%f0%9f%8d%b7-barrels-and-barrel-racks-available\/#primaryimage"},"thumbnailUrl":"https:\/\/barricasdemadera.com\/blog\/wp-content\/uploads\/2026\/03\/Carga-mixta-1.jpg","datePublished":"2026-03-16T13:37:28+00:00","dateModified":"2026-03-16T13:37:33+00:00","author":{"@id":"https:\/\/barricasdemadera.com\/blog\/#\/schema\/person\/febf58d94c9a8028589ac78a738329da"},"inLanguage":"es","potentialAction":[{"@type":"ReadAction","target":["https:\/\/barricasdemadera.com\/blog\/%f0%9f%8d%b7-barrels-and-barrel-racks-available\/"]}]},{"@type":"ImageObject","inLanguage":"es","@id":"https:\/\/barricasdemadera.com\/blog\/%f0%9f%8d%b7-barrels-and-barrel-racks-available\/#primaryimage","url":"https:\/\/barricasdemadera.com\/blog\/wp-content\/uploads\/2026\/03\/Carga-mixta-1.jpg","contentUrl":"https:\/\/barricasdemadera.com\/blog\/wp-content\/uploads\/2026\/03\/Carga-mixta-1.jpg","width":800,"height":800},{"@type":"WebSite","@id":"https:\/\/barricasdemadera.com\/blog\/#website","url":"https:\/\/barricasdemadera.com\/blog\/","name":"BarricasDeMadera.com - Reciclaje y venta de barricas usadas","description":"Tienda de barricas de madera usadas online","potentialAction":[{"@type":"SearchAction","target":{"@type":"EntryPoint","urlTemplate":"https:\/\/barricasdemadera.com\/blog\/?s={search_term_string}"},"query-input":{"@type":"PropertyValueSpecification","valueRequired":true,"valueName":"search_term_string"}}],"inLanguage":"es"},{"@type":"Person","@id":"https:\/\/barricasdemadera.com\/blog\/#\/schema\/person\/febf58d94c9a8028589ac78a738329da","name":"BarricasDeMadera.com","image":{"@type":"ImageObject","inLanguage":"es","@id":"https:\/\/barricasdemadera.com\/blog\/#\/schema\/person\/image\/","url":"https:\/\/secure.gravatar.com\/avatar\/21356ba8f4b232ed0f9b06f39f0991931534c799ff8457c1e03b934166590e26?s=96&d=mm&r=g","contentUrl":"https:\/\/secure.gravatar.com\/avatar\/21356ba8f4b232ed0f9b06f39f0991931534c799ff8457c1e03b934166590e26?s=96&d=mm&r=g","caption":"BarricasDeMadera.com"},"sameAs":["https:\/\/barricasdemadera.com","https:\/\/x.com\/@barricasmadera"],"url":"https:\/\/barricasdemadera.com\/blog\/author\/adminbarricas\/"}]}},"jetpack_featured_media_url":"","jetpack_shortlink":"https:\/\/wp.me\/p2UXAv-vr","jetpack_sharing_enabled":true,"_links":{"self":[{"href":"https:\/\/barricasdemadera.com\/blog\/wp-json\/wp\/v2\/posts\/1949","targetHints":{"allow":["GET"]}}],"collection":[{"href":"https:\/\/barricasdemadera.com\/blog\/wp-json\/wp\/v2\/posts"}],"about":[{"href":"https:\/\/barricasdemadera.com\/blog\/wp-json\/wp\/v2\/types\/post"}],"author":[{"embeddable":true,"href":"https:\/\/barricasdemadera.com\/blog\/wp-json\/wp\/v2\/users\/1"}],"replies":[{"embeddable":true,"href":"https:\/\/barricasdemadera.com\/blog\/wp-json\/wp\/v2\/comments?post=1949"}],"version-history":[{"count":1,"href":"https:\/\/barricasdemadera.com\/blog\/wp-json\/wp\/v2\/posts\/1949\/revisions"}],"predecessor-version":[{"id":1954,"href":"https:\/\/barricasdemadera.com\/blog\/wp-json\/wp\/v2\/posts\/1949\/revisions\/1954"}],"wp:attachment":[{"href":"https:\/\/barricasdemadera.com\/blog\/wp-json\/wp\/v2\/media?parent=1949"}],"wp:term":[{"taxonomy":"category","embeddable":true,"href":"https:\/\/barricasdemadera.com\/blog\/wp-json\/wp\/v2\/categories?post=1949"},{"taxonomy":"post_tag","embeddable":true,"href":"https:\/\/barricasdemadera.com\/blog\/wp-json\/wp\/v2\/tags?post=1949"}],"curies":[{"name":"wp","href":"https:\/\/api.w.org\/{rel}","templated":true}]}}