{"id":1584,"date":"2019-01-07T16:04:21","date_gmt":"2019-01-07T15:04:21","guid":{"rendered":"https:\/\/barricasdemadera.com\/blog\/?p=1584"},"modified":"2019-01-07T16:04:21","modified_gmt":"2019-01-07T15:04:21","slug":"75-barricas-de-roble-enviadas-a-nuestros-clientes-en-el-norte-de-europa","status":"publish","type":"post","link":"https:\/\/barricasdemadera.com\/blog\/75-barricas-de-roble-enviadas-a-nuestros-clientes-en-el-norte-de-europa\/","title":{"rendered":"75 barricas de roble enviadas a nuestros clientes en el norte de Europa"},"content":{"rendered":"<p><span style=\"color: #000000;\">Pocos d\u00edas han pasado ya de este nuevo a\u00f1o 2019 y <a style=\"color: #000000;\" href=\"https:\/\/barricasdemadera.com\/blog\/wp-content\/uploads\/2019\/01\/used-barrels-red-wine-barrels-1.jpg\">hemos tenido ocasi\u00f3n de enviar este pedido de 75 barricas a uno de nuestros clientes del norte de<\/a>\u00a0Europa. En este caso enviamos un pedido principalmente de barricas de roble franc\u00e9s, aunque tambi\u00e9n hemos cargado alguna de roble americano. Todas ellas de 225 litros procedentes de renombradas toneler\u00edas espa\u00f1olas y francesas.<\/span><\/p>\n<p>Todas estas barricas han contenido vino tinto de diferentes variedades durante su vida \u00fatil y finalmente se destinar\u00e1n a uso decorativo en diferentes lugares y localizaciones. Siempre hemos apostado por el reciclaje de estas barricas porque confiamos en la calidad de la madera de roble as\u00ed como en el potencial que tienen para m\u00faltiples usos tales como jardiner\u00eda, hosteler\u00eda, publicidad, ambientaciones en teatros o pel\u00edculas, etc.<\/p>\n<p><span style=\"color: #000000;\"><a style=\"color: #000000;\" href=\"https:\/\/barricasdemadera.com\/blog\/wp-content\/uploads\/2019\/01\/used-barrels-red-wine-barrels-1.jpg\">A few days have passed of this new year 2019 and have had already the chance to deliver this order of 75 used barrels to one of our clients in the north of Europe. In this case we delivered mainly french oak barrels, and also some american oak ones. All of them are 225L coming from well known spanish and french cooperages.<\/a><\/span><\/p>\n<p><a href=\"https:\/\/barricasdemadera.com\/blog\/wp-content\/uploads\/2019\/01\/used-barrels-red-wine-barrels-1.jpg\"><img loading=\"lazy\" decoding=\"async\" data-attachment-id=\"1585\" data-permalink=\"https:\/\/barricasdemadera.com\/blog\/75-barricas-de-roble-enviadas-a-nuestros-clientes-en-el-norte-de-europa\/used-barrels-red-wine-barrels-1\/\" data-orig-file=\"https:\/\/barricasdemadera.com\/blog\/wp-content\/uploads\/2019\/01\/used-barrels-red-wine-barrels-1.jpg\" data-orig-size=\"1080,1080\" data-comments-opened=\"1\" data-image-meta=\"{&quot;aperture&quot;:&quot;0&quot;,&quot;credit&quot;:&quot;&quot;,&quot;camera&quot;:&quot;&quot;,&quot;caption&quot;:&quot;&quot;,&quot;created_timestamp&quot;:&quot;0&quot;,&quot;copyright&quot;:&quot;&quot;,&quot;focal_length&quot;:&quot;0&quot;,&quot;iso&quot;:&quot;0&quot;,&quot;shutter_speed&quot;:&quot;0&quot;,&quot;title&quot;:&quot;&quot;,&quot;orientation&quot;:&quot;1&quot;}\" data-image-title=\"used-barrels, red-wine-barrels (1)\" data-image-description=\"&lt;p&gt;Barricas de roble&lt;\/p&gt;\n\" data-image-caption=\"\" data-medium-file=\"https:\/\/barricasdemadera.com\/blog\/wp-content\/uploads\/2019\/01\/used-barrels-red-wine-barrels-1-300x300.jpg\" data-large-file=\"https:\/\/barricasdemadera.com\/blog\/wp-content\/uploads\/2019\/01\/used-barrels-red-wine-barrels-1-1024x1024.jpg\" class=\"aligncenter size-full wp-image-1585\" src=\"https:\/\/barricasdemadera.com\/blog\/wp-content\/uploads\/2019\/01\/used-barrels-red-wine-barrels-1.jpg\" alt=\"oak barrels\" width=\"1080\" height=\"1080\" srcset=\"https:\/\/barricasdemadera.com\/blog\/wp-content\/uploads\/2019\/01\/used-barrels-red-wine-barrels-1.jpg 1080w, https:\/\/barricasdemadera.com\/blog\/wp-content\/uploads\/2019\/01\/used-barrels-red-wine-barrels-1-150x150.jpg 150w, https:\/\/barricasdemadera.com\/blog\/wp-content\/uploads\/2019\/01\/used-barrels-red-wine-barrels-1-300x300.jpg 300w, https:\/\/barricasdemadera.com\/blog\/wp-content\/uploads\/2019\/01\/used-barrels-red-wine-barrels-1-768x768.jpg 768w, https:\/\/barricasdemadera.com\/blog\/wp-content\/uploads\/2019\/01\/used-barrels-red-wine-barrels-1-1024x1024.jpg 1024w, https:\/\/barricasdemadera.com\/blog\/wp-content\/uploads\/2019\/01\/used-barrels-red-wine-barrels-1-144x144.jpg 144w, https:\/\/barricasdemadera.com\/blog\/wp-content\/uploads\/2019\/01\/used-barrels-red-wine-barrels-1-900x900.jpg 900w\" sizes=\"auto, (max-width: 1080px) 100vw, 1080px\" \/><\/a><a href=\"https:\/\/barricasdemadera.com\/blog\/wp-content\/uploads\/2019\/01\/used-barrels-red-wine-barrels-2.jpg\"><img loading=\"lazy\" decoding=\"async\" data-attachment-id=\"1586\" data-permalink=\"https:\/\/barricasdemadera.com\/blog\/75-barricas-de-roble-enviadas-a-nuestros-clientes-en-el-norte-de-europa\/used-barrels-red-wine-barrels-2\/\" data-orig-file=\"https:\/\/barricasdemadera.com\/blog\/wp-content\/uploads\/2019\/01\/used-barrels-red-wine-barrels-2.jpg\" data-orig-size=\"1080,1080\" data-comments-opened=\"1\" data-image-meta=\"{&quot;aperture&quot;:&quot;0&quot;,&quot;credit&quot;:&quot;&quot;,&quot;camera&quot;:&quot;&quot;,&quot;caption&quot;:&quot;&quot;,&quot;created_timestamp&quot;:&quot;0&quot;,&quot;copyright&quot;:&quot;&quot;,&quot;focal_length&quot;:&quot;0&quot;,&quot;iso&quot;:&quot;0&quot;,&quot;shutter_speed&quot;:&quot;0&quot;,&quot;title&quot;:&quot;&quot;,&quot;orientation&quot;:&quot;1&quot;}\" data-image-title=\"used-barrels, red-wine-barrels (2)\" data-image-description=\"&lt;p&gt;barricas de vino tinto&lt;\/p&gt;\n\" data-image-caption=\"\" data-medium-file=\"https:\/\/barricasdemadera.com\/blog\/wp-content\/uploads\/2019\/01\/used-barrels-red-wine-barrels-2-300x300.jpg\" data-large-file=\"https:\/\/barricasdemadera.com\/blog\/wp-content\/uploads\/2019\/01\/used-barrels-red-wine-barrels-2-1024x1024.jpg\" class=\"aligncenter size-full wp-image-1586\" src=\"https:\/\/barricasdemadera.com\/blog\/wp-content\/uploads\/2019\/01\/used-barrels-red-wine-barrels-2.jpg\" alt=\"red wine barrels\" width=\"1080\" height=\"1080\" srcset=\"https:\/\/barricasdemadera.com\/blog\/wp-content\/uploads\/2019\/01\/used-barrels-red-wine-barrels-2.jpg 1080w, https:\/\/barricasdemadera.com\/blog\/wp-content\/uploads\/2019\/01\/used-barrels-red-wine-barrels-2-150x150.jpg 150w, https:\/\/barricasdemadera.com\/blog\/wp-content\/uploads\/2019\/01\/used-barrels-red-wine-barrels-2-300x300.jpg 300w, https:\/\/barricasdemadera.com\/blog\/wp-content\/uploads\/2019\/01\/used-barrels-red-wine-barrels-2-768x768.jpg 768w, https:\/\/barricasdemadera.com\/blog\/wp-content\/uploads\/2019\/01\/used-barrels-red-wine-barrels-2-1024x1024.jpg 1024w, https:\/\/barricasdemadera.com\/blog\/wp-content\/uploads\/2019\/01\/used-barrels-red-wine-barrels-2-144x144.jpg 144w, https:\/\/barricasdemadera.com\/blog\/wp-content\/uploads\/2019\/01\/used-barrels-red-wine-barrels-2-900x900.jpg 900w\" sizes=\"auto, (max-width: 1080px) 100vw, 1080px\" \/><\/a><a href=\"https:\/\/barricasdemadera.com\/blog\/wp-content\/uploads\/2019\/01\/used-barrels-red-wine-barrels-3.jpg\"><img loading=\"lazy\" decoding=\"async\" data-attachment-id=\"1587\" data-permalink=\"https:\/\/barricasdemadera.com\/blog\/75-barricas-de-roble-enviadas-a-nuestros-clientes-en-el-norte-de-europa\/used-barrels-red-wine-barrels-3\/\" data-orig-file=\"https:\/\/barricasdemadera.com\/blog\/wp-content\/uploads\/2019\/01\/used-barrels-red-wine-barrels-3.jpg\" data-orig-size=\"1080,1080\" data-comments-opened=\"1\" data-image-meta=\"{&quot;aperture&quot;:&quot;0&quot;,&quot;credit&quot;:&quot;&quot;,&quot;camera&quot;:&quot;&quot;,&quot;caption&quot;:&quot;&quot;,&quot;created_timestamp&quot;:&quot;0&quot;,&quot;copyright&quot;:&quot;&quot;,&quot;focal_length&quot;:&quot;0&quot;,&quot;iso&quot;:&quot;0&quot;,&quot;shutter_speed&quot;:&quot;0&quot;,&quot;title&quot;:&quot;&quot;,&quot;orientation&quot;:&quot;1&quot;}\" data-image-title=\"used-barrels, red-wine-barrels (3)\" data-image-description=\"&lt;p&gt;barricas de vino&lt;\/p&gt;\n\" data-image-caption=\"\" data-medium-file=\"https:\/\/barricasdemadera.com\/blog\/wp-content\/uploads\/2019\/01\/used-barrels-red-wine-barrels-3-300x300.jpg\" data-large-file=\"https:\/\/barricasdemadera.com\/blog\/wp-content\/uploads\/2019\/01\/used-barrels-red-wine-barrels-3-1024x1024.jpg\" class=\"aligncenter size-full wp-image-1587\" src=\"https:\/\/barricasdemadera.com\/blog\/wp-content\/uploads\/2019\/01\/used-barrels-red-wine-barrels-3.jpg\" alt=\"used wine barrels\" width=\"1080\" height=\"1080\" srcset=\"https:\/\/barricasdemadera.com\/blog\/wp-content\/uploads\/2019\/01\/used-barrels-red-wine-barrels-3.jpg 1080w, https:\/\/barricasdemadera.com\/blog\/wp-content\/uploads\/2019\/01\/used-barrels-red-wine-barrels-3-150x150.jpg 150w, https:\/\/barricasdemadera.com\/blog\/wp-content\/uploads\/2019\/01\/used-barrels-red-wine-barrels-3-300x300.jpg 300w, https:\/\/barricasdemadera.com\/blog\/wp-content\/uploads\/2019\/01\/used-barrels-red-wine-barrels-3-768x768.jpg 768w, https:\/\/barricasdemadera.com\/blog\/wp-content\/uploads\/2019\/01\/used-barrels-red-wine-barrels-3-1024x1024.jpg 1024w, https:\/\/barricasdemadera.com\/blog\/wp-content\/uploads\/2019\/01\/used-barrels-red-wine-barrels-3-144x144.jpg 144w, https:\/\/barricasdemadera.com\/blog\/wp-content\/uploads\/2019\/01\/used-barrels-red-wine-barrels-3-900x900.jpg 900w\" sizes=\"auto, (max-width: 1080px) 100vw, 1080px\" \/><\/a><\/p>\n<p>&nbsp;<\/p>\n","protected":false},"excerpt":{"rendered":"<p>Pocos d\u00edas han pasado ya de este nuevo a\u00f1o 2019 y hemos tenido ocasi\u00f3n de enviar este pedido de 75 barricas a uno de nuestros clientes del norte de\u00a0Europa. En este caso enviamos un pedido principalmente de barricas de roble &hellip; <a href=\"https:\/\/barricasdemadera.com\/blog\/75-barricas-de-roble-enviadas-a-nuestros-clientes-en-el-norte-de-europa\/\">Sigue leyendo <span class=\"meta-nav\">&rarr;<\/span><\/a><\/p>\n","protected":false},"author":1,"featured_media":1585,"comment_status":"open","ping_status":"closed","sticky":false,"template":"","format":"standard","meta":{"_jetpack_newsletter_access":"","_jetpack_dont_email_post_to_subs":false,"_jetpack_newsletter_tier_id":0,"_jetpack_memberships_contains_paywalled_content":false,"_jetpack_memberships_contains_paid_content":false,"footnotes":""},"categories":[5],"tags":[406,4,174,407,24,281,350,360,23,411,331,410,368,361,408,22,409,313,404,325,373,277,405],"class_list":["post-1584","post","type-post","status-publish","format-standard","has-post-thumbnail","hentry","category-barricas-usadas","tag-barili","tag-barricas","tag-barricas-de-vino","tag-barricasdemadera","tag-barriles","tag-barriques","tag-botti","tag-cooperage","tag-cubas","tag-fassbinder","tag-holzfass","tag-kuferei","tag-oakbarrels","tag-recycling","tag-toneleria","tag-toneles","tag-tonnellerie","tag-used-barrels","tag-usedbarrels","tag-weinfass","tag-wijnvat","tag-wine-barrels","tag-winebarrels"],"yoast_head":"<!-- This site is optimized with the Yoast SEO plugin v24.3 - https:\/\/yoast.com\/wordpress\/plugins\/seo\/ -->\n<title>75 barricas de roble enviadas a nuestros clientes<\/title>\n<meta name=\"description\" content=\"Pocos d\u00edas han pasado ya de este nuevo a\u00f1o 2019 y hemos tenido ocasi\u00f3n de enviar este pedido de 75 barricas de roble enviadas a nuestros clientes europeos.\" \/>\n<meta name=\"robots\" content=\"index, follow, max-snippet:-1, max-image-preview:large, max-video-preview:-1\" \/>\n<link rel=\"canonical\" href=\"https:\/\/barricasdemadera.com\/blog\/75-barricas-de-roble-enviadas-a-nuestros-clientes-en-el-norte-de-europa\/\" \/>\n<meta property=\"og:locale\" content=\"es_ES\" \/>\n<meta property=\"og:type\" content=\"article\" \/>\n<meta property=\"og:title\" content=\"75 barricas de roble enviadas a nuestros clientes\" \/>\n<meta property=\"og:description\" content=\"Pocos d\u00edas han pasado ya de este nuevo a\u00f1o 2019 y hemos tenido ocasi\u00f3n de enviar este pedido de 75 barricas de roble enviadas a nuestros clientes europeos.\" \/>\n<meta property=\"og:url\" content=\"https:\/\/barricasdemadera.com\/blog\/75-barricas-de-roble-enviadas-a-nuestros-clientes-en-el-norte-de-europa\/\" \/>\n<meta property=\"og:site_name\" content=\"BarricasDeMadera.com - Reciclaje y venta de barricas usadas\" \/>\n<meta property=\"article:publisher\" content=\"https:\/\/www.facebook.com\/barricasdemadera.es\/\" \/>\n<meta property=\"article:published_time\" content=\"2019-01-07T15:04:21+00:00\" \/>\n<meta property=\"og:image\" content=\"https:\/\/barricasdemadera.com\/blog\/wp-content\/uploads\/2019\/01\/used-barrels-red-wine-barrels-1.jpg\" \/>\n\t<meta property=\"og:image:width\" content=\"1080\" \/>\n\t<meta property=\"og:image:height\" content=\"1080\" \/>\n\t<meta property=\"og:image:type\" content=\"image\/jpeg\" \/>\n<meta name=\"author\" content=\"BarricasDeMadera.com\" \/>\n<meta name=\"twitter:card\" content=\"summary_large_image\" \/>\n<meta name=\"twitter:creator\" content=\"@barricasmadera\" \/>\n<meta name=\"twitter:site\" content=\"@barricasmadera\" \/>\n<meta name=\"twitter:label1\" content=\"Escrito por\" \/>\n\t<meta name=\"twitter:data1\" content=\"BarricasDeMadera.com\" \/>\n\t<meta name=\"twitter:label2\" content=\"Tiempo de lectura\" \/>\n\t<meta name=\"twitter:data2\" content=\"1 minuto\" \/>\n<script type=\"application\/ld+json\" class=\"yoast-schema-graph\">{\"@context\":\"https:\/\/schema.org\",\"@graph\":[{\"@type\":\"WebPage\",\"@id\":\"https:\/\/barricasdemadera.com\/blog\/75-barricas-de-roble-enviadas-a-nuestros-clientes-en-el-norte-de-europa\/\",\"url\":\"https:\/\/barricasdemadera.com\/blog\/75-barricas-de-roble-enviadas-a-nuestros-clientes-en-el-norte-de-europa\/\",\"name\":\"75 barricas de roble enviadas a nuestros clientes\",\"isPartOf\":{\"@id\":\"https:\/\/barricasdemadera.com\/blog\/#website\"},\"primaryImageOfPage\":{\"@id\":\"https:\/\/barricasdemadera.com\/blog\/75-barricas-de-roble-enviadas-a-nuestros-clientes-en-el-norte-de-europa\/#primaryimage\"},\"image\":{\"@id\":\"https:\/\/barricasdemadera.com\/blog\/75-barricas-de-roble-enviadas-a-nuestros-clientes-en-el-norte-de-europa\/#primaryimage\"},\"thumbnailUrl\":\"https:\/\/barricasdemadera.com\/blog\/wp-content\/uploads\/2019\/01\/used-barrels-red-wine-barrels-1.jpg\",\"datePublished\":\"2019-01-07T15:04:21+00:00\",\"dateModified\":\"2019-01-07T15:04:21+00:00\",\"author\":{\"@id\":\"https:\/\/barricasdemadera.com\/blog\/#\/schema\/person\/febf58d94c9a8028589ac78a738329da\"},\"description\":\"Pocos d\u00edas han pasado ya de este nuevo a\u00f1o 2019 y hemos tenido ocasi\u00f3n de enviar este pedido de 75 barricas de roble enviadas a nuestros clientes europeos.\",\"breadcrumb\":{\"@id\":\"https:\/\/barricasdemadera.com\/blog\/75-barricas-de-roble-enviadas-a-nuestros-clientes-en-el-norte-de-europa\/#breadcrumb\"},\"inLanguage\":\"es\",\"potentialAction\":[{\"@type\":\"ReadAction\",\"target\":[\"https:\/\/barricasdemadera.com\/blog\/75-barricas-de-roble-enviadas-a-nuestros-clientes-en-el-norte-de-europa\/\"]}]},{\"@type\":\"ImageObject\",\"inLanguage\":\"es\",\"@id\":\"https:\/\/barricasdemadera.com\/blog\/75-barricas-de-roble-enviadas-a-nuestros-clientes-en-el-norte-de-europa\/#primaryimage\",\"url\":\"https:\/\/barricasdemadera.com\/blog\/wp-content\/uploads\/2019\/01\/used-barrels-red-wine-barrels-1.jpg\",\"contentUrl\":\"https:\/\/barricasdemadera.com\/blog\/wp-content\/uploads\/2019\/01\/used-barrels-red-wine-barrels-1.jpg\",\"width\":1080,\"height\":1080,\"caption\":\"oak barrels\"},{\"@type\":\"BreadcrumbList\",\"@id\":\"https:\/\/barricasdemadera.com\/blog\/75-barricas-de-roble-enviadas-a-nuestros-clientes-en-el-norte-de-europa\/#breadcrumb\",\"itemListElement\":[{\"@type\":\"ListItem\",\"position\":1,\"name\":\"barili\",\"item\":\"https:\/\/barricasdemadera.com\/blog\/tag\/barili\/\"},{\"@type\":\"ListItem\",\"position\":2,\"name\":\"75 barricas de roble enviadas a nuestros clientes en el norte de Europa\"}]},{\"@type\":\"WebSite\",\"@id\":\"https:\/\/barricasdemadera.com\/blog\/#website\",\"url\":\"https:\/\/barricasdemadera.com\/blog\/\",\"name\":\"BarricasDeMadera.com - Reciclaje y venta de barricas usadas\",\"description\":\"Tienda de barricas de madera usadas online\",\"potentialAction\":[{\"@type\":\"SearchAction\",\"target\":{\"@type\":\"EntryPoint\",\"urlTemplate\":\"https:\/\/barricasdemadera.com\/blog\/?s={search_term_string}\"},\"query-input\":{\"@type\":\"PropertyValueSpecification\",\"valueRequired\":true,\"valueName\":\"search_term_string\"}}],\"inLanguage\":\"es\"},{\"@type\":\"Person\",\"@id\":\"https:\/\/barricasdemadera.com\/blog\/#\/schema\/person\/febf58d94c9a8028589ac78a738329da\",\"name\":\"BarricasDeMadera.com\",\"image\":{\"@type\":\"ImageObject\",\"inLanguage\":\"es\",\"@id\":\"https:\/\/barricasdemadera.com\/blog\/#\/schema\/person\/image\/\",\"url\":\"https:\/\/secure.gravatar.com\/avatar\/21356ba8f4b232ed0f9b06f39f0991931534c799ff8457c1e03b934166590e26?s=96&d=mm&r=g\",\"contentUrl\":\"https:\/\/secure.gravatar.com\/avatar\/21356ba8f4b232ed0f9b06f39f0991931534c799ff8457c1e03b934166590e26?s=96&d=mm&r=g\",\"caption\":\"BarricasDeMadera.com\"},\"sameAs\":[\"https:\/\/barricasdemadera.com\",\"https:\/\/x.com\/@barricasmadera\"],\"url\":\"https:\/\/barricasdemadera.com\/blog\/author\/adminbarricas\/\"}]}<\/script>\n<!-- \/ Yoast SEO plugin. -->","yoast_head_json":{"title":"75 barricas de roble enviadas a nuestros clientes","description":"Pocos d\u00edas han pasado ya de este nuevo a\u00f1o 2019 y hemos tenido ocasi\u00f3n de enviar este pedido de 75 barricas de roble enviadas a nuestros clientes europeos.","robots":{"index":"index","follow":"follow","max-snippet":"max-snippet:-1","max-image-preview":"max-image-preview:large","max-video-preview":"max-video-preview:-1"},"canonical":"https:\/\/barricasdemadera.com\/blog\/75-barricas-de-roble-enviadas-a-nuestros-clientes-en-el-norte-de-europa\/","og_locale":"es_ES","og_type":"article","og_title":"75 barricas de roble enviadas a nuestros clientes","og_description":"Pocos d\u00edas han pasado ya de este nuevo a\u00f1o 2019 y hemos tenido ocasi\u00f3n de enviar este pedido de 75 barricas de roble enviadas a nuestros clientes europeos.","og_url":"https:\/\/barricasdemadera.com\/blog\/75-barricas-de-roble-enviadas-a-nuestros-clientes-en-el-norte-de-europa\/","og_site_name":"BarricasDeMadera.com - Reciclaje y venta de barricas usadas","article_publisher":"https:\/\/www.facebook.com\/barricasdemadera.es\/","article_published_time":"2019-01-07T15:04:21+00:00","og_image":[{"width":1080,"height":1080,"url":"https:\/\/barricasdemadera.com\/blog\/wp-content\/uploads\/2019\/01\/used-barrels-red-wine-barrels-1.jpg","type":"image\/jpeg"}],"author":"BarricasDeMadera.com","twitter_card":"summary_large_image","twitter_creator":"@barricasmadera","twitter_site":"@barricasmadera","twitter_misc":{"Escrito por":"BarricasDeMadera.com","Tiempo de lectura":"1 minuto"},"schema":{"@context":"https:\/\/schema.org","@graph":[{"@type":"WebPage","@id":"https:\/\/barricasdemadera.com\/blog\/75-barricas-de-roble-enviadas-a-nuestros-clientes-en-el-norte-de-europa\/","url":"https:\/\/barricasdemadera.com\/blog\/75-barricas-de-roble-enviadas-a-nuestros-clientes-en-el-norte-de-europa\/","name":"75 barricas de roble enviadas a nuestros clientes","isPartOf":{"@id":"https:\/\/barricasdemadera.com\/blog\/#website"},"primaryImageOfPage":{"@id":"https:\/\/barricasdemadera.com\/blog\/75-barricas-de-roble-enviadas-a-nuestros-clientes-en-el-norte-de-europa\/#primaryimage"},"image":{"@id":"https:\/\/barricasdemadera.com\/blog\/75-barricas-de-roble-enviadas-a-nuestros-clientes-en-el-norte-de-europa\/#primaryimage"},"thumbnailUrl":"https:\/\/barricasdemadera.com\/blog\/wp-content\/uploads\/2019\/01\/used-barrels-red-wine-barrels-1.jpg","datePublished":"2019-01-07T15:04:21+00:00","dateModified":"2019-01-07T15:04:21+00:00","author":{"@id":"https:\/\/barricasdemadera.com\/blog\/#\/schema\/person\/febf58d94c9a8028589ac78a738329da"},"description":"Pocos d\u00edas han pasado ya de este nuevo a\u00f1o 2019 y hemos tenido ocasi\u00f3n de enviar este pedido de 75 barricas de roble enviadas a nuestros clientes europeos.","breadcrumb":{"@id":"https:\/\/barricasdemadera.com\/blog\/75-barricas-de-roble-enviadas-a-nuestros-clientes-en-el-norte-de-europa\/#breadcrumb"},"inLanguage":"es","potentialAction":[{"@type":"ReadAction","target":["https:\/\/barricasdemadera.com\/blog\/75-barricas-de-roble-enviadas-a-nuestros-clientes-en-el-norte-de-europa\/"]}]},{"@type":"ImageObject","inLanguage":"es","@id":"https:\/\/barricasdemadera.com\/blog\/75-barricas-de-roble-enviadas-a-nuestros-clientes-en-el-norte-de-europa\/#primaryimage","url":"https:\/\/barricasdemadera.com\/blog\/wp-content\/uploads\/2019\/01\/used-barrels-red-wine-barrels-1.jpg","contentUrl":"https:\/\/barricasdemadera.com\/blog\/wp-content\/uploads\/2019\/01\/used-barrels-red-wine-barrels-1.jpg","width":1080,"height":1080,"caption":"oak barrels"},{"@type":"BreadcrumbList","@id":"https:\/\/barricasdemadera.com\/blog\/75-barricas-de-roble-enviadas-a-nuestros-clientes-en-el-norte-de-europa\/#breadcrumb","itemListElement":[{"@type":"ListItem","position":1,"name":"barili","item":"https:\/\/barricasdemadera.com\/blog\/tag\/barili\/"},{"@type":"ListItem","position":2,"name":"75 barricas de roble enviadas a nuestros clientes en el norte de Europa"}]},{"@type":"WebSite","@id":"https:\/\/barricasdemadera.com\/blog\/#website","url":"https:\/\/barricasdemadera.com\/blog\/","name":"BarricasDeMadera.com - Reciclaje y venta de barricas usadas","description":"Tienda de barricas de madera usadas online","potentialAction":[{"@type":"SearchAction","target":{"@type":"EntryPoint","urlTemplate":"https:\/\/barricasdemadera.com\/blog\/?s={search_term_string}"},"query-input":{"@type":"PropertyValueSpecification","valueRequired":true,"valueName":"search_term_string"}}],"inLanguage":"es"},{"@type":"Person","@id":"https:\/\/barricasdemadera.com\/blog\/#\/schema\/person\/febf58d94c9a8028589ac78a738329da","name":"BarricasDeMadera.com","image":{"@type":"ImageObject","inLanguage":"es","@id":"https:\/\/barricasdemadera.com\/blog\/#\/schema\/person\/image\/","url":"https:\/\/secure.gravatar.com\/avatar\/21356ba8f4b232ed0f9b06f39f0991931534c799ff8457c1e03b934166590e26?s=96&d=mm&r=g","contentUrl":"https:\/\/secure.gravatar.com\/avatar\/21356ba8f4b232ed0f9b06f39f0991931534c799ff8457c1e03b934166590e26?s=96&d=mm&r=g","caption":"BarricasDeMadera.com"},"sameAs":["https:\/\/barricasdemadera.com","https:\/\/x.com\/@barricasmadera"],"url":"https:\/\/barricasdemadera.com\/blog\/author\/adminbarricas\/"}]}},"jetpack_featured_media_url":"https:\/\/barricasdemadera.com\/blog\/wp-content\/uploads\/2019\/01\/used-barrels-red-wine-barrels-1.jpg","jetpack_shortlink":"https:\/\/wp.me\/p2UXAv-py","jetpack_sharing_enabled":true,"_links":{"self":[{"href":"https:\/\/barricasdemadera.com\/blog\/wp-json\/wp\/v2\/posts\/1584","targetHints":{"allow":["GET"]}}],"collection":[{"href":"https:\/\/barricasdemadera.com\/blog\/wp-json\/wp\/v2\/posts"}],"about":[{"href":"https:\/\/barricasdemadera.com\/blog\/wp-json\/wp\/v2\/types\/post"}],"author":[{"embeddable":true,"href":"https:\/\/barricasdemadera.com\/blog\/wp-json\/wp\/v2\/users\/1"}],"replies":[{"embeddable":true,"href":"https:\/\/barricasdemadera.com\/blog\/wp-json\/wp\/v2\/comments?post=1584"}],"version-history":[{"count":1,"href":"https:\/\/barricasdemadera.com\/blog\/wp-json\/wp\/v2\/posts\/1584\/revisions"}],"predecessor-version":[{"id":1588,"href":"https:\/\/barricasdemadera.com\/blog\/wp-json\/wp\/v2\/posts\/1584\/revisions\/1588"}],"wp:featuredmedia":[{"embeddable":true,"href":"https:\/\/barricasdemadera.com\/blog\/wp-json\/wp\/v2\/media\/1585"}],"wp:attachment":[{"href":"https:\/\/barricasdemadera.com\/blog\/wp-json\/wp\/v2\/media?parent=1584"}],"wp:term":[{"taxonomy":"category","embeddable":true,"href":"https:\/\/barricasdemadera.com\/blog\/wp-json\/wp\/v2\/categories?post=1584"},{"taxonomy":"post_tag","embeddable":true,"href":"https:\/\/barricasdemadera.com\/blog\/wp-json\/wp\/v2\/tags?post=1584"}],"curies":[{"name":"wp","href":"https:\/\/api.w.org\/{rel}","templated":true}]}}