{"id":1514,"date":"2018-02-16T16:33:53","date_gmt":"2018-02-16T15:33:53","guid":{"rendered":"https:\/\/barricasdemadera.com\/blog\/?p=1514"},"modified":"2019-01-30T20:24:54","modified_gmt":"2019-01-30T19:24:54","slug":"barricas-para-decoracion-de-jardines-y-terrazas","status":"publish","type":"post","link":"https:\/\/barricasdemadera.com\/blog\/barricas-para-decoracion-de-jardines-y-terrazas\/","title":{"rendered":"Barricas para decoraci\u00f3n de jardines y terrazas"},"content":{"rendered":"<p>Llega el buen tiempo y con \u00e9l llenamos nuestro almac\u00e9n para ofrecer a nuestros clientes novedades en barricas para decoraci\u00f3n de 225, 228 y 300 litros. Disponemos de <strong>barricas de 225 litros<\/strong> ,en muy buenas condiciones, todas ellas de roble franc\u00e9s, con muy buen aspecto exterior y \u00fatiles para diversidad de usos.<\/p>\n<p>Tambi\u00e9n disponemos de <strong>barricas de roble de 228 litros<\/strong>, con aspecto vintage y que son perfectas para eventos, decoraciones singulares, escenograf\u00edas, etc. Algunas de ellas procedentes de prestigiosos chateaux franceses y marcadas con sus logotipos en los fondos.<\/p>\n<p>Por \u00faltimo ofrecemos en nuestra web un lote de 150 <strong>barricas de 300 litros<\/strong>, ligeramente m\u00e1s grandes que las de 225 litros, pero muy vers\u00e1tiles y bonitas para decoraci\u00f3n de jardines, terrazas, con la posibilidad de utilizarlas como maceteros o jardines para conseguir decoraciones r\u00fasticas sostenibles y al alcance de todos los bolsillos.<\/p>\n<p>Recuerde que enviamos barricas a toda Espa\u00f1a desde Toledo y puede realizar sus pedidos directamente desde nuestra web <a href=\"http:\/\/www.BarricasDeMadera.com\">www.BarricasDeMadera.com<\/a><\/p>\n<p><a href=\"https:\/\/barricasdemadera.com\/blog\/wp-content\/uploads\/2018\/02\/french-oak-used-wine-barrels-2.jpg\"><img loading=\"lazy\" decoding=\"async\" data-attachment-id=\"1515\" data-permalink=\"https:\/\/barricasdemadera.com\/blog\/barricas-para-decoracion-de-jardines-y-terrazas\/french-oak-used-wine-barrels-2\/\" data-orig-file=\"https:\/\/barricasdemadera.com\/blog\/wp-content\/uploads\/2018\/02\/french-oak-used-wine-barrels-2.jpg\" data-orig-size=\"1600,1600\" data-comments-opened=\"1\" data-image-meta=\"{&quot;aperture&quot;:&quot;2.2&quot;,&quot;credit&quot;:&quot;&quot;,&quot;camera&quot;:&quot;iPhone SE&quot;,&quot;caption&quot;:&quot;&quot;,&quot;created_timestamp&quot;:&quot;1518794220&quot;,&quot;copyright&quot;:&quot;&quot;,&quot;focal_length&quot;:&quot;4.15&quot;,&quot;iso&quot;:&quot;200&quot;,&quot;shutter_speed&quot;:&quot;0.04&quot;,&quot;title&quot;:&quot;&quot;,&quot;orientation&quot;:&quot;0&quot;}\" data-image-title=\"french-oak-used-wine-barrels (2)\" data-image-description=\"\" data-image-caption=\"\" data-medium-file=\"https:\/\/barricasdemadera.com\/blog\/wp-content\/uploads\/2018\/02\/french-oak-used-wine-barrels-2-300x300.jpg\" data-large-file=\"https:\/\/barricasdemadera.com\/blog\/wp-content\/uploads\/2018\/02\/french-oak-used-wine-barrels-2-1024x1024.jpg\" class=\"aligncenter size-full wp-image-1515\" src=\"https:\/\/barricasdemadera.com\/blog\/wp-content\/uploads\/2018\/02\/french-oak-used-wine-barrels-2.jpg\" alt=\"french oak barrels ex red wine\" width=\"1600\" height=\"1600\" srcset=\"https:\/\/barricasdemadera.com\/blog\/wp-content\/uploads\/2018\/02\/french-oak-used-wine-barrels-2.jpg 1600w, https:\/\/barricasdemadera.com\/blog\/wp-content\/uploads\/2018\/02\/french-oak-used-wine-barrels-2-150x150.jpg 150w, https:\/\/barricasdemadera.com\/blog\/wp-content\/uploads\/2018\/02\/french-oak-used-wine-barrels-2-300x300.jpg 300w, https:\/\/barricasdemadera.com\/blog\/wp-content\/uploads\/2018\/02\/french-oak-used-wine-barrels-2-768x768.jpg 768w, https:\/\/barricasdemadera.com\/blog\/wp-content\/uploads\/2018\/02\/french-oak-used-wine-barrels-2-1024x1024.jpg 1024w, https:\/\/barricasdemadera.com\/blog\/wp-content\/uploads\/2018\/02\/french-oak-used-wine-barrels-2-144x144.jpg 144w, https:\/\/barricasdemadera.com\/blog\/wp-content\/uploads\/2018\/02\/french-oak-used-wine-barrels-2-900x900.jpg 900w\" sizes=\"auto, (max-width: 1600px) 100vw, 1600px\" \/><\/a> <a href=\"https:\/\/barricasdemadera.com\/blog\/wp-content\/uploads\/2018\/02\/french-oak-used-wine-barrels-1.jpg\"><img loading=\"lazy\" decoding=\"async\" data-attachment-id=\"1516\" data-permalink=\"https:\/\/barricasdemadera.com\/blog\/barricas-para-decoracion-de-jardines-y-terrazas\/french-oak-used-wine-barrels-1\/\" data-orig-file=\"https:\/\/barricasdemadera.com\/blog\/wp-content\/uploads\/2018\/02\/french-oak-used-wine-barrels-1.jpg\" data-orig-size=\"1600,1600\" data-comments-opened=\"1\" data-image-meta=\"{&quot;aperture&quot;:&quot;2.2&quot;,&quot;credit&quot;:&quot;&quot;,&quot;camera&quot;:&quot;iPhone SE&quot;,&quot;caption&quot;:&quot;&quot;,&quot;created_timestamp&quot;:&quot;1518794088&quot;,&quot;copyright&quot;:&quot;&quot;,&quot;focal_length&quot;:&quot;4.15&quot;,&quot;iso&quot;:&quot;200&quot;,&quot;shutter_speed&quot;:&quot;0.05&quot;,&quot;title&quot;:&quot;&quot;,&quot;orientation&quot;:&quot;0&quot;}\" data-image-title=\"french-oak-used-wine-barrels (1)\" data-image-description=\"\" data-image-caption=\"\" data-medium-file=\"https:\/\/barricasdemadera.com\/blog\/wp-content\/uploads\/2018\/02\/french-oak-used-wine-barrels-1-300x300.jpg\" data-large-file=\"https:\/\/barricasdemadera.com\/blog\/wp-content\/uploads\/2018\/02\/french-oak-used-wine-barrels-1-1024x1024.jpg\" class=\"aligncenter size-full wp-image-1516\" src=\"https:\/\/barricasdemadera.com\/blog\/wp-content\/uploads\/2018\/02\/french-oak-used-wine-barrels-1.jpg\" alt=\"used french oak barrels\" width=\"1600\" height=\"1600\" srcset=\"https:\/\/barricasdemadera.com\/blog\/wp-content\/uploads\/2018\/02\/french-oak-used-wine-barrels-1.jpg 1600w, https:\/\/barricasdemadera.com\/blog\/wp-content\/uploads\/2018\/02\/french-oak-used-wine-barrels-1-150x150.jpg 150w, https:\/\/barricasdemadera.com\/blog\/wp-content\/uploads\/2018\/02\/french-oak-used-wine-barrels-1-300x300.jpg 300w, https:\/\/barricasdemadera.com\/blog\/wp-content\/uploads\/2018\/02\/french-oak-used-wine-barrels-1-768x768.jpg 768w, https:\/\/barricasdemadera.com\/blog\/wp-content\/uploads\/2018\/02\/french-oak-used-wine-barrels-1-1024x1024.jpg 1024w, https:\/\/barricasdemadera.com\/blog\/wp-content\/uploads\/2018\/02\/french-oak-used-wine-barrels-1-144x144.jpg 144w, https:\/\/barricasdemadera.com\/blog\/wp-content\/uploads\/2018\/02\/french-oak-used-wine-barrels-1-900x900.jpg 900w\" sizes=\"auto, (max-width: 1600px) 100vw, 1600px\" \/><\/a> <a href=\"https:\/\/barricasdemadera.com\/blog\/wp-content\/uploads\/2018\/02\/barricas-decoracion-vintage-oak-decoration-barrels.jpg\"><img loading=\"lazy\" decoding=\"async\" data-attachment-id=\"1517\" data-permalink=\"https:\/\/barricasdemadera.com\/blog\/barricas-para-decoracion-de-jardines-y-terrazas\/barricas-decoracion-vintage-oak-decoration-barrels\/\" data-orig-file=\"https:\/\/barricasdemadera.com\/blog\/wp-content\/uploads\/2018\/02\/barricas-decoracion-vintage-oak-decoration-barrels.jpg\" data-orig-size=\"1600,1600\" data-comments-opened=\"1\" data-image-meta=\"{&quot;aperture&quot;:&quot;2.2&quot;,&quot;credit&quot;:&quot;&quot;,&quot;camera&quot;:&quot;iPhone SE&quot;,&quot;caption&quot;:&quot;&quot;,&quot;created_timestamp&quot;:&quot;1518794034&quot;,&quot;copyright&quot;:&quot;&quot;,&quot;focal_length&quot;:&quot;4.15&quot;,&quot;iso&quot;:&quot;200&quot;,&quot;shutter_speed&quot;:&quot;0.058823529411765&quot;,&quot;title&quot;:&quot;&quot;,&quot;orientation&quot;:&quot;0&quot;}\" data-image-title=\"barricas-decoracion-vintage-oak-decoration-barrels\" data-image-description=\"\" data-image-caption=\"\" data-medium-file=\"https:\/\/barricasdemadera.com\/blog\/wp-content\/uploads\/2018\/02\/barricas-decoracion-vintage-oak-decoration-barrels-300x300.jpg\" data-large-file=\"https:\/\/barricasdemadera.com\/blog\/wp-content\/uploads\/2018\/02\/barricas-decoracion-vintage-oak-decoration-barrels-1024x1024.jpg\" class=\"aligncenter size-full wp-image-1517\" src=\"https:\/\/barricasdemadera.com\/blog\/wp-content\/uploads\/2018\/02\/barricas-decoracion-vintage-oak-decoration-barrels.jpg\" alt=\"used oak barrels decoration\" width=\"1600\" height=\"1600\" srcset=\"https:\/\/barricasdemadera.com\/blog\/wp-content\/uploads\/2018\/02\/barricas-decoracion-vintage-oak-decoration-barrels.jpg 1600w, https:\/\/barricasdemadera.com\/blog\/wp-content\/uploads\/2018\/02\/barricas-decoracion-vintage-oak-decoration-barrels-150x150.jpg 150w, https:\/\/barricasdemadera.com\/blog\/wp-content\/uploads\/2018\/02\/barricas-decoracion-vintage-oak-decoration-barrels-300x300.jpg 300w, https:\/\/barricasdemadera.com\/blog\/wp-content\/uploads\/2018\/02\/barricas-decoracion-vintage-oak-decoration-barrels-768x768.jpg 768w, https:\/\/barricasdemadera.com\/blog\/wp-content\/uploads\/2018\/02\/barricas-decoracion-vintage-oak-decoration-barrels-1024x1024.jpg 1024w, https:\/\/barricasdemadera.com\/blog\/wp-content\/uploads\/2018\/02\/barricas-decoracion-vintage-oak-decoration-barrels-144x144.jpg 144w, https:\/\/barricasdemadera.com\/blog\/wp-content\/uploads\/2018\/02\/barricas-decoracion-vintage-oak-decoration-barrels-900x900.jpg 900w\" sizes=\"auto, (max-width: 1600px) 100vw, 1600px\" \/><\/a> <a href=\"https:\/\/barricasdemadera.com\/blog\/wp-content\/uploads\/2018\/02\/barricas-decoracion-vintage-decoration-barrel.jpg\"><img loading=\"lazy\" decoding=\"async\" data-attachment-id=\"1518\" data-permalink=\"https:\/\/barricasdemadera.com\/blog\/barricas-para-decoracion-de-jardines-y-terrazas\/barricas-decoracion-vintage-decoration-barrel\/\" data-orig-file=\"https:\/\/barricasdemadera.com\/blog\/wp-content\/uploads\/2018\/02\/barricas-decoracion-vintage-decoration-barrel.jpg\" data-orig-size=\"1600,1600\" data-comments-opened=\"1\" data-image-meta=\"{&quot;aperture&quot;:&quot;2.2&quot;,&quot;credit&quot;:&quot;&quot;,&quot;camera&quot;:&quot;iPhone SE&quot;,&quot;caption&quot;:&quot;&quot;,&quot;created_timestamp&quot;:&quot;1518794014&quot;,&quot;copyright&quot;:&quot;&quot;,&quot;focal_length&quot;:&quot;4.15&quot;,&quot;iso&quot;:&quot;200&quot;,&quot;shutter_speed&quot;:&quot;0.05&quot;,&quot;title&quot;:&quot;&quot;,&quot;orientation&quot;:&quot;0&quot;}\" data-image-title=\"barricas-decoracion-vintage-decoration-barrel\" data-image-description=\"\" data-image-caption=\"\" data-medium-file=\"https:\/\/barricasdemadera.com\/blog\/wp-content\/uploads\/2018\/02\/barricas-decoracion-vintage-decoration-barrel-300x300.jpg\" data-large-file=\"https:\/\/barricasdemadera.com\/blog\/wp-content\/uploads\/2018\/02\/barricas-decoracion-vintage-decoration-barrel-1024x1024.jpg\" class=\"aligncenter size-full wp-image-1518\" src=\"https:\/\/barricasdemadera.com\/blog\/wp-content\/uploads\/2018\/02\/barricas-decoracion-vintage-decoration-barrel.jpg\" alt=\"vintage decoration barrels\" width=\"1600\" height=\"1600\" srcset=\"https:\/\/barricasdemadera.com\/blog\/wp-content\/uploads\/2018\/02\/barricas-decoracion-vintage-decoration-barrel.jpg 1600w, https:\/\/barricasdemadera.com\/blog\/wp-content\/uploads\/2018\/02\/barricas-decoracion-vintage-decoration-barrel-150x150.jpg 150w, https:\/\/barricasdemadera.com\/blog\/wp-content\/uploads\/2018\/02\/barricas-decoracion-vintage-decoration-barrel-300x300.jpg 300w, https:\/\/barricasdemadera.com\/blog\/wp-content\/uploads\/2018\/02\/barricas-decoracion-vintage-decoration-barrel-768x768.jpg 768w, https:\/\/barricasdemadera.com\/blog\/wp-content\/uploads\/2018\/02\/barricas-decoracion-vintage-decoration-barrel-1024x1024.jpg 1024w, https:\/\/barricasdemadera.com\/blog\/wp-content\/uploads\/2018\/02\/barricas-decoracion-vintage-decoration-barrel-144x144.jpg 144w, https:\/\/barricasdemadera.com\/blog\/wp-content\/uploads\/2018\/02\/barricas-decoracion-vintage-decoration-barrel-900x900.jpg 900w\" sizes=\"auto, (max-width: 1600px) 100vw, 1600px\" \/><\/a> <a href=\"https:\/\/barricasdemadera.com\/blog\/wp-content\/uploads\/2018\/02\/BARRICAS-USADAS-300L-USED-BARRELS-300L-2.jpg\"><img loading=\"lazy\" decoding=\"async\" data-attachment-id=\"1519\" data-permalink=\"https:\/\/barricasdemadera.com\/blog\/barricas-para-decoracion-de-jardines-y-terrazas\/barricas-usadas-300l-used-barrels-300l-2\/\" data-orig-file=\"https:\/\/barricasdemadera.com\/blog\/wp-content\/uploads\/2018\/02\/BARRICAS-USADAS-300L-USED-BARRELS-300L-2.jpg\" data-orig-size=\"1600,1600\" data-comments-opened=\"1\" data-image-meta=\"{&quot;aperture&quot;:&quot;2.2&quot;,&quot;credit&quot;:&quot;&quot;,&quot;camera&quot;:&quot;iPhone SE&quot;,&quot;caption&quot;:&quot;&quot;,&quot;created_timestamp&quot;:&quot;1518695015&quot;,&quot;copyright&quot;:&quot;&quot;,&quot;focal_length&quot;:&quot;4.15&quot;,&quot;iso&quot;:&quot;25&quot;,&quot;shutter_speed&quot;:&quot;0.0006631299734748&quot;,&quot;title&quot;:&quot;&quot;,&quot;orientation&quot;:&quot;0&quot;}\" data-image-title=\"BARRICAS USADAS 300L USED BARRELS 300L (2)\" data-image-description=\"\" data-image-caption=\"\" data-medium-file=\"https:\/\/barricasdemadera.com\/blog\/wp-content\/uploads\/2018\/02\/BARRICAS-USADAS-300L-USED-BARRELS-300L-2-300x300.jpg\" data-large-file=\"https:\/\/barricasdemadera.com\/blog\/wp-content\/uploads\/2018\/02\/BARRICAS-USADAS-300L-USED-BARRELS-300L-2-1024x1024.jpg\" class=\"aligncenter size-full wp-image-1519\" src=\"https:\/\/barricasdemadera.com\/blog\/wp-content\/uploads\/2018\/02\/BARRICAS-USADAS-300L-USED-BARRELS-300L-2.jpg\" alt=\"used barrels 300 liter red wine\" width=\"1600\" height=\"1600\" srcset=\"https:\/\/barricasdemadera.com\/blog\/wp-content\/uploads\/2018\/02\/BARRICAS-USADAS-300L-USED-BARRELS-300L-2.jpg 1600w, https:\/\/barricasdemadera.com\/blog\/wp-content\/uploads\/2018\/02\/BARRICAS-USADAS-300L-USED-BARRELS-300L-2-150x150.jpg 150w, https:\/\/barricasdemadera.com\/blog\/wp-content\/uploads\/2018\/02\/BARRICAS-USADAS-300L-USED-BARRELS-300L-2-300x300.jpg 300w, https:\/\/barricasdemadera.com\/blog\/wp-content\/uploads\/2018\/02\/BARRICAS-USADAS-300L-USED-BARRELS-300L-2-768x768.jpg 768w, https:\/\/barricasdemadera.com\/blog\/wp-content\/uploads\/2018\/02\/BARRICAS-USADAS-300L-USED-BARRELS-300L-2-1024x1024.jpg 1024w, https:\/\/barricasdemadera.com\/blog\/wp-content\/uploads\/2018\/02\/BARRICAS-USADAS-300L-USED-BARRELS-300L-2-144x144.jpg 144w, https:\/\/barricasdemadera.com\/blog\/wp-content\/uploads\/2018\/02\/BARRICAS-USADAS-300L-USED-BARRELS-300L-2-900x900.jpg 900w\" sizes=\"auto, (max-width: 1600px) 100vw, 1600px\" \/><\/a> <a href=\"https:\/\/barricasdemadera.com\/blog\/wp-content\/uploads\/2018\/02\/BARRICAS-USADAS-300L-USED-BARRELS-300L-3.jpg\"><img loading=\"lazy\" decoding=\"async\" data-attachment-id=\"1520\" data-permalink=\"https:\/\/barricasdemadera.com\/blog\/barricas-para-decoracion-de-jardines-y-terrazas\/barricas-usadas-300l-used-barrels-300l-3\/\" data-orig-file=\"https:\/\/barricasdemadera.com\/blog\/wp-content\/uploads\/2018\/02\/BARRICAS-USADAS-300L-USED-BARRELS-300L-3.jpg\" data-orig-size=\"1600,1600\" data-comments-opened=\"1\" data-image-meta=\"{&quot;aperture&quot;:&quot;2.2&quot;,&quot;credit&quot;:&quot;&quot;,&quot;camera&quot;:&quot;iPhone SE&quot;,&quot;caption&quot;:&quot;&quot;,&quot;created_timestamp&quot;:&quot;1518690881&quot;,&quot;copyright&quot;:&quot;&quot;,&quot;focal_length&quot;:&quot;4.15&quot;,&quot;iso&quot;:&quot;50&quot;,&quot;shutter_speed&quot;:&quot;0.03030303030303&quot;,&quot;title&quot;:&quot;&quot;,&quot;orientation&quot;:&quot;0&quot;}\" data-image-title=\"BARRICAS USADAS 300L USED BARRELS 300L (3)\" data-image-description=\"\" data-image-caption=\"\" data-medium-file=\"https:\/\/barricasdemadera.com\/blog\/wp-content\/uploads\/2018\/02\/BARRICAS-USADAS-300L-USED-BARRELS-300L-3-300x300.jpg\" data-large-file=\"https:\/\/barricasdemadera.com\/blog\/wp-content\/uploads\/2018\/02\/BARRICAS-USADAS-300L-USED-BARRELS-300L-3-1024x1024.jpg\" class=\"aligncenter size-full wp-image-1520\" src=\"https:\/\/barricasdemadera.com\/blog\/wp-content\/uploads\/2018\/02\/BARRICAS-USADAS-300L-USED-BARRELS-300L-3.jpg\" alt=\"used barrels 300 liter red wine\" width=\"1600\" height=\"1600\" srcset=\"https:\/\/barricasdemadera.com\/blog\/wp-content\/uploads\/2018\/02\/BARRICAS-USADAS-300L-USED-BARRELS-300L-3.jpg 1600w, https:\/\/barricasdemadera.com\/blog\/wp-content\/uploads\/2018\/02\/BARRICAS-USADAS-300L-USED-BARRELS-300L-3-150x150.jpg 150w, https:\/\/barricasdemadera.com\/blog\/wp-content\/uploads\/2018\/02\/BARRICAS-USADAS-300L-USED-BARRELS-300L-3-300x300.jpg 300w, https:\/\/barricasdemadera.com\/blog\/wp-content\/uploads\/2018\/02\/BARRICAS-USADAS-300L-USED-BARRELS-300L-3-768x768.jpg 768w, https:\/\/barricasdemadera.com\/blog\/wp-content\/uploads\/2018\/02\/BARRICAS-USADAS-300L-USED-BARRELS-300L-3-1024x1024.jpg 1024w, https:\/\/barricasdemadera.com\/blog\/wp-content\/uploads\/2018\/02\/BARRICAS-USADAS-300L-USED-BARRELS-300L-3-144x144.jpg 144w, https:\/\/barricasdemadera.com\/blog\/wp-content\/uploads\/2018\/02\/BARRICAS-USADAS-300L-USED-BARRELS-300L-3-900x900.jpg 900w\" sizes=\"auto, (max-width: 1600px) 100vw, 1600px\" \/><\/a> <a href=\"https:\/\/barricasdemadera.com\/blog\/wp-content\/uploads\/2018\/02\/BARRICAS-USADAS-300L-USED-BARRELS-300L-1.jpg\"><img loading=\"lazy\" decoding=\"async\" data-attachment-id=\"1521\" data-permalink=\"https:\/\/barricasdemadera.com\/blog\/barricas-para-decoracion-de-jardines-y-terrazas\/barricas-usadas-300l-used-barrels-300l-1\/\" data-orig-file=\"https:\/\/barricasdemadera.com\/blog\/wp-content\/uploads\/2018\/02\/BARRICAS-USADAS-300L-USED-BARRELS-300L-1.jpg\" data-orig-size=\"1600,1600\" data-comments-opened=\"1\" data-image-meta=\"{&quot;aperture&quot;:&quot;2.2&quot;,&quot;credit&quot;:&quot;&quot;,&quot;camera&quot;:&quot;iPhone SE&quot;,&quot;caption&quot;:&quot;&quot;,&quot;created_timestamp&quot;:&quot;1518690067&quot;,&quot;copyright&quot;:&quot;&quot;,&quot;focal_length&quot;:&quot;4.15&quot;,&quot;iso&quot;:&quot;80&quot;,&quot;shutter_speed&quot;:&quot;0.03030303030303&quot;,&quot;title&quot;:&quot;&quot;,&quot;orientation&quot;:&quot;0&quot;}\" data-image-title=\"BARRICAS USADAS 300L USED BARRELS 300L (1)\" data-image-description=\"\" data-image-caption=\"\" data-medium-file=\"https:\/\/barricasdemadera.com\/blog\/wp-content\/uploads\/2018\/02\/BARRICAS-USADAS-300L-USED-BARRELS-300L-1-300x300.jpg\" data-large-file=\"https:\/\/barricasdemadera.com\/blog\/wp-content\/uploads\/2018\/02\/BARRICAS-USADAS-300L-USED-BARRELS-300L-1-1024x1024.jpg\" class=\"aligncenter size-full wp-image-1521\" src=\"https:\/\/barricasdemadera.com\/blog\/wp-content\/uploads\/2018\/02\/BARRICAS-USADAS-300L-USED-BARRELS-300L-1.jpg\" alt=\"used barrels 300 liter red wine\" width=\"1600\" height=\"1600\" srcset=\"https:\/\/barricasdemadera.com\/blog\/wp-content\/uploads\/2018\/02\/BARRICAS-USADAS-300L-USED-BARRELS-300L-1.jpg 1600w, https:\/\/barricasdemadera.com\/blog\/wp-content\/uploads\/2018\/02\/BARRICAS-USADAS-300L-USED-BARRELS-300L-1-150x150.jpg 150w, https:\/\/barricasdemadera.com\/blog\/wp-content\/uploads\/2018\/02\/BARRICAS-USADAS-300L-USED-BARRELS-300L-1-300x300.jpg 300w, https:\/\/barricasdemadera.com\/blog\/wp-content\/uploads\/2018\/02\/BARRICAS-USADAS-300L-USED-BARRELS-300L-1-768x768.jpg 768w, https:\/\/barricasdemadera.com\/blog\/wp-content\/uploads\/2018\/02\/BARRICAS-USADAS-300L-USED-BARRELS-300L-1-1024x1024.jpg 1024w, https:\/\/barricasdemadera.com\/blog\/wp-content\/uploads\/2018\/02\/BARRICAS-USADAS-300L-USED-BARRELS-300L-1-144x144.jpg 144w, https:\/\/barricasdemadera.com\/blog\/wp-content\/uploads\/2018\/02\/BARRICAS-USADAS-300L-USED-BARRELS-300L-1-900x900.jpg 900w\" sizes=\"auto, (max-width: 1600px) 100vw, 1600px\" \/><\/a><\/p>\n","protected":false},"excerpt":{"rendered":"<p>Llega el buen tiempo y con \u00e9l llenamos nuestro almac\u00e9n para ofrecer a nuestros clientes novedades en barricas para decoraci\u00f3n de 225, 228 y 300 litros. Disponemos de barricas de 225 litros ,en muy buenas condiciones, todas ellas de roble &hellip; <a href=\"https:\/\/barricasdemadera.com\/blog\/barricas-para-decoracion-de-jardines-y-terrazas\/\">Sigue leyendo <span class=\"meta-nav\">&rarr;<\/span><\/a><\/p>\n","protected":false},"author":1,"featured_media":0,"comment_status":"open","ping_status":"closed","sticky":false,"template":"","format":"standard","meta":{"_jetpack_newsletter_access":"","_jetpack_dont_email_post_to_subs":false,"_jetpack_newsletter_tier_id":0,"_jetpack_memberships_contains_paywalled_content":false,"_jetpack_memberships_contains_paid_content":false,"footnotes":""},"categories":[5],"tags":[394,291,393,392,395],"class_list":["post-1514","post","type-post","status-publish","format-standard","hentry","category-barricas-usadas","tag-barricas-roble-usadas","tag-barriles-vino","tag-deco-barrels","tag-used-barresl","tag-vintage-barrels"],"yoast_head":"<!-- This site is optimized with the Yoast SEO plugin v24.3 - https:\/\/yoast.com\/wordpress\/plugins\/seo\/ -->\n<title>Barricas para decoraci\u00f3n de jardines y terrazas<\/title>\n<meta name=\"robots\" content=\"index, follow, max-snippet:-1, max-image-preview:large, max-video-preview:-1\" \/>\n<link rel=\"canonical\" href=\"https:\/\/barricasdemadera.com\/blog\/barricas-para-decoracion-de-jardines-y-terrazas\/\" \/>\n<meta property=\"og:locale\" content=\"es_ES\" \/>\n<meta property=\"og:type\" content=\"article\" \/>\n<meta property=\"og:title\" content=\"Barricas para decoraci\u00f3n de jardines y terrazas\" \/>\n<meta property=\"og:description\" content=\"Llega el buen tiempo y con \u00e9l llenamos nuestro almac\u00e9n para ofrecer a nuestros clientes novedades en barricas para decoraci\u00f3n de 225, 228 y 300 litros. Disponemos de barricas de 225 litros ,en muy buenas condiciones, todas ellas de roble &hellip; Sigue leyendo &rarr;\" \/>\n<meta property=\"og:url\" content=\"https:\/\/barricasdemadera.com\/blog\/barricas-para-decoracion-de-jardines-y-terrazas\/\" \/>\n<meta property=\"og:site_name\" content=\"BarricasDeMadera.com - Reciclaje y venta de barricas usadas\" \/>\n<meta property=\"article:publisher\" content=\"https:\/\/www.facebook.com\/barricasdemadera.es\/\" \/>\n<meta property=\"article:published_time\" content=\"2018-02-16T15:33:53+00:00\" \/>\n<meta property=\"article:modified_time\" content=\"2019-01-30T19:24:54+00:00\" \/>\n<meta property=\"og:image\" content=\"https:\/\/barricasdemadera.com\/blog\/wp-content\/uploads\/2018\/02\/french-oak-used-wine-barrels-2.jpg\" \/>\n\t<meta property=\"og:image:width\" content=\"1600\" \/>\n\t<meta property=\"og:image:height\" content=\"1600\" \/>\n\t<meta property=\"og:image:type\" content=\"image\/jpeg\" \/>\n<meta name=\"author\" content=\"BarricasDeMadera.com\" \/>\n<meta name=\"twitter:card\" content=\"summary_large_image\" \/>\n<meta name=\"twitter:creator\" content=\"@barricasmadera\" \/>\n<meta name=\"twitter:site\" content=\"@barricasmadera\" \/>\n<meta name=\"twitter:label1\" content=\"Escrito por\" \/>\n\t<meta name=\"twitter:data1\" content=\"BarricasDeMadera.com\" \/>\n\t<meta name=\"twitter:label2\" content=\"Tiempo de lectura\" \/>\n\t<meta name=\"twitter:data2\" content=\"1 minuto\" \/>\n<script type=\"application\/ld+json\" class=\"yoast-schema-graph\">{\"@context\":\"https:\/\/schema.org\",\"@graph\":[{\"@type\":\"WebPage\",\"@id\":\"https:\/\/barricasdemadera.com\/blog\/barricas-para-decoracion-de-jardines-y-terrazas\/\",\"url\":\"https:\/\/barricasdemadera.com\/blog\/barricas-para-decoracion-de-jardines-y-terrazas\/\",\"name\":\"Barricas para decoraci\u00f3n de jardines y terrazas\",\"isPartOf\":{\"@id\":\"https:\/\/barricasdemadera.com\/blog\/#website\"},\"primaryImageOfPage\":{\"@id\":\"https:\/\/barricasdemadera.com\/blog\/barricas-para-decoracion-de-jardines-y-terrazas\/#primaryimage\"},\"image\":{\"@id\":\"https:\/\/barricasdemadera.com\/blog\/barricas-para-decoracion-de-jardines-y-terrazas\/#primaryimage\"},\"thumbnailUrl\":\"https:\/\/barricasdemadera.com\/blog\/wp-content\/uploads\/2018\/02\/french-oak-used-wine-barrels-2.jpg\",\"datePublished\":\"2018-02-16T15:33:53+00:00\",\"dateModified\":\"2019-01-30T19:24:54+00:00\",\"author\":{\"@id\":\"https:\/\/barricasdemadera.com\/blog\/#\/schema\/person\/febf58d94c9a8028589ac78a738329da\"},\"breadcrumb\":{\"@id\":\"https:\/\/barricasdemadera.com\/blog\/barricas-para-decoracion-de-jardines-y-terrazas\/#breadcrumb\"},\"inLanguage\":\"es\",\"potentialAction\":[{\"@type\":\"ReadAction\",\"target\":[\"https:\/\/barricasdemadera.com\/blog\/barricas-para-decoracion-de-jardines-y-terrazas\/\"]}]},{\"@type\":\"ImageObject\",\"inLanguage\":\"es\",\"@id\":\"https:\/\/barricasdemadera.com\/blog\/barricas-para-decoracion-de-jardines-y-terrazas\/#primaryimage\",\"url\":\"https:\/\/barricasdemadera.com\/blog\/wp-content\/uploads\/2018\/02\/french-oak-used-wine-barrels-2.jpg\",\"contentUrl\":\"https:\/\/barricasdemadera.com\/blog\/wp-content\/uploads\/2018\/02\/french-oak-used-wine-barrels-2.jpg\"},{\"@type\":\"BreadcrumbList\",\"@id\":\"https:\/\/barricasdemadera.com\/blog\/barricas-para-decoracion-de-jardines-y-terrazas\/#breadcrumb\",\"itemListElement\":[{\"@type\":\"ListItem\",\"position\":1,\"name\":\"barricas roble usadas\",\"item\":\"https:\/\/barricasdemadera.com\/blog\/tag\/barricas-roble-usadas\/\"},{\"@type\":\"ListItem\",\"position\":2,\"name\":\"Barricas para decoraci\u00f3n de jardines y terrazas\"}]},{\"@type\":\"WebSite\",\"@id\":\"https:\/\/barricasdemadera.com\/blog\/#website\",\"url\":\"https:\/\/barricasdemadera.com\/blog\/\",\"name\":\"BarricasDeMadera.com - Reciclaje y venta de barricas usadas\",\"description\":\"Tienda de barricas de madera usadas online\",\"potentialAction\":[{\"@type\":\"SearchAction\",\"target\":{\"@type\":\"EntryPoint\",\"urlTemplate\":\"https:\/\/barricasdemadera.com\/blog\/?s={search_term_string}\"},\"query-input\":{\"@type\":\"PropertyValueSpecification\",\"valueRequired\":true,\"valueName\":\"search_term_string\"}}],\"inLanguage\":\"es\"},{\"@type\":\"Person\",\"@id\":\"https:\/\/barricasdemadera.com\/blog\/#\/schema\/person\/febf58d94c9a8028589ac78a738329da\",\"name\":\"BarricasDeMadera.com\",\"image\":{\"@type\":\"ImageObject\",\"inLanguage\":\"es\",\"@id\":\"https:\/\/barricasdemadera.com\/blog\/#\/schema\/person\/image\/\",\"url\":\"https:\/\/secure.gravatar.com\/avatar\/21356ba8f4b232ed0f9b06f39f0991931534c799ff8457c1e03b934166590e26?s=96&d=mm&r=g\",\"contentUrl\":\"https:\/\/secure.gravatar.com\/avatar\/21356ba8f4b232ed0f9b06f39f0991931534c799ff8457c1e03b934166590e26?s=96&d=mm&r=g\",\"caption\":\"BarricasDeMadera.com\"},\"sameAs\":[\"https:\/\/barricasdemadera.com\",\"https:\/\/x.com\/@barricasmadera\"],\"url\":\"https:\/\/barricasdemadera.com\/blog\/author\/adminbarricas\/\"}]}<\/script>\n<!-- \/ Yoast SEO plugin. -->","yoast_head_json":{"title":"Barricas para decoraci\u00f3n de jardines y terrazas","robots":{"index":"index","follow":"follow","max-snippet":"max-snippet:-1","max-image-preview":"max-image-preview:large","max-video-preview":"max-video-preview:-1"},"canonical":"https:\/\/barricasdemadera.com\/blog\/barricas-para-decoracion-de-jardines-y-terrazas\/","og_locale":"es_ES","og_type":"article","og_title":"Barricas para decoraci\u00f3n de jardines y terrazas","og_description":"Llega el buen tiempo y con \u00e9l llenamos nuestro almac\u00e9n para ofrecer a nuestros clientes novedades en barricas para decoraci\u00f3n de 225, 228 y 300 litros. Disponemos de barricas de 225 litros ,en muy buenas condiciones, todas ellas de roble &hellip; Sigue leyendo &rarr;","og_url":"https:\/\/barricasdemadera.com\/blog\/barricas-para-decoracion-de-jardines-y-terrazas\/","og_site_name":"BarricasDeMadera.com - Reciclaje y venta de barricas usadas","article_publisher":"https:\/\/www.facebook.com\/barricasdemadera.es\/","article_published_time":"2018-02-16T15:33:53+00:00","article_modified_time":"2019-01-30T19:24:54+00:00","og_image":[{"width":1600,"height":1600,"url":"https:\/\/barricasdemadera.com\/blog\/wp-content\/uploads\/2018\/02\/french-oak-used-wine-barrels-2.jpg","type":"image\/jpeg"}],"author":"BarricasDeMadera.com","twitter_card":"summary_large_image","twitter_creator":"@barricasmadera","twitter_site":"@barricasmadera","twitter_misc":{"Escrito por":"BarricasDeMadera.com","Tiempo de lectura":"1 minuto"},"schema":{"@context":"https:\/\/schema.org","@graph":[{"@type":"WebPage","@id":"https:\/\/barricasdemadera.com\/blog\/barricas-para-decoracion-de-jardines-y-terrazas\/","url":"https:\/\/barricasdemadera.com\/blog\/barricas-para-decoracion-de-jardines-y-terrazas\/","name":"Barricas para decoraci\u00f3n de jardines y terrazas","isPartOf":{"@id":"https:\/\/barricasdemadera.com\/blog\/#website"},"primaryImageOfPage":{"@id":"https:\/\/barricasdemadera.com\/blog\/barricas-para-decoracion-de-jardines-y-terrazas\/#primaryimage"},"image":{"@id":"https:\/\/barricasdemadera.com\/blog\/barricas-para-decoracion-de-jardines-y-terrazas\/#primaryimage"},"thumbnailUrl":"https:\/\/barricasdemadera.com\/blog\/wp-content\/uploads\/2018\/02\/french-oak-used-wine-barrels-2.jpg","datePublished":"2018-02-16T15:33:53+00:00","dateModified":"2019-01-30T19:24:54+00:00","author":{"@id":"https:\/\/barricasdemadera.com\/blog\/#\/schema\/person\/febf58d94c9a8028589ac78a738329da"},"breadcrumb":{"@id":"https:\/\/barricasdemadera.com\/blog\/barricas-para-decoracion-de-jardines-y-terrazas\/#breadcrumb"},"inLanguage":"es","potentialAction":[{"@type":"ReadAction","target":["https:\/\/barricasdemadera.com\/blog\/barricas-para-decoracion-de-jardines-y-terrazas\/"]}]},{"@type":"ImageObject","inLanguage":"es","@id":"https:\/\/barricasdemadera.com\/blog\/barricas-para-decoracion-de-jardines-y-terrazas\/#primaryimage","url":"https:\/\/barricasdemadera.com\/blog\/wp-content\/uploads\/2018\/02\/french-oak-used-wine-barrels-2.jpg","contentUrl":"https:\/\/barricasdemadera.com\/blog\/wp-content\/uploads\/2018\/02\/french-oak-used-wine-barrels-2.jpg"},{"@type":"BreadcrumbList","@id":"https:\/\/barricasdemadera.com\/blog\/barricas-para-decoracion-de-jardines-y-terrazas\/#breadcrumb","itemListElement":[{"@type":"ListItem","position":1,"name":"barricas roble usadas","item":"https:\/\/barricasdemadera.com\/blog\/tag\/barricas-roble-usadas\/"},{"@type":"ListItem","position":2,"name":"Barricas para decoraci\u00f3n de jardines y terrazas"}]},{"@type":"WebSite","@id":"https:\/\/barricasdemadera.com\/blog\/#website","url":"https:\/\/barricasdemadera.com\/blog\/","name":"BarricasDeMadera.com - Reciclaje y venta de barricas usadas","description":"Tienda de barricas de madera usadas online","potentialAction":[{"@type":"SearchAction","target":{"@type":"EntryPoint","urlTemplate":"https:\/\/barricasdemadera.com\/blog\/?s={search_term_string}"},"query-input":{"@type":"PropertyValueSpecification","valueRequired":true,"valueName":"search_term_string"}}],"inLanguage":"es"},{"@type":"Person","@id":"https:\/\/barricasdemadera.com\/blog\/#\/schema\/person\/febf58d94c9a8028589ac78a738329da","name":"BarricasDeMadera.com","image":{"@type":"ImageObject","inLanguage":"es","@id":"https:\/\/barricasdemadera.com\/blog\/#\/schema\/person\/image\/","url":"https:\/\/secure.gravatar.com\/avatar\/21356ba8f4b232ed0f9b06f39f0991931534c799ff8457c1e03b934166590e26?s=96&d=mm&r=g","contentUrl":"https:\/\/secure.gravatar.com\/avatar\/21356ba8f4b232ed0f9b06f39f0991931534c799ff8457c1e03b934166590e26?s=96&d=mm&r=g","caption":"BarricasDeMadera.com"},"sameAs":["https:\/\/barricasdemadera.com","https:\/\/x.com\/@barricasmadera"],"url":"https:\/\/barricasdemadera.com\/blog\/author\/adminbarricas\/"}]}},"jetpack_featured_media_url":"","jetpack_shortlink":"https:\/\/wp.me\/p2UXAv-oq","jetpack_sharing_enabled":true,"_links":{"self":[{"href":"https:\/\/barricasdemadera.com\/blog\/wp-json\/wp\/v2\/posts\/1514","targetHints":{"allow":["GET"]}}],"collection":[{"href":"https:\/\/barricasdemadera.com\/blog\/wp-json\/wp\/v2\/posts"}],"about":[{"href":"https:\/\/barricasdemadera.com\/blog\/wp-json\/wp\/v2\/types\/post"}],"author":[{"embeddable":true,"href":"https:\/\/barricasdemadera.com\/blog\/wp-json\/wp\/v2\/users\/1"}],"replies":[{"embeddable":true,"href":"https:\/\/barricasdemadera.com\/blog\/wp-json\/wp\/v2\/comments?post=1514"}],"version-history":[{"count":2,"href":"https:\/\/barricasdemadera.com\/blog\/wp-json\/wp\/v2\/posts\/1514\/revisions"}],"predecessor-version":[{"id":1622,"href":"https:\/\/barricasdemadera.com\/blog\/wp-json\/wp\/v2\/posts\/1514\/revisions\/1622"}],"wp:attachment":[{"href":"https:\/\/barricasdemadera.com\/blog\/wp-json\/wp\/v2\/media?parent=1514"}],"wp:term":[{"taxonomy":"category","embeddable":true,"href":"https:\/\/barricasdemadera.com\/blog\/wp-json\/wp\/v2\/categories?post=1514"},{"taxonomy":"post_tag","embeddable":true,"href":"https:\/\/barricasdemadera.com\/blog\/wp-json\/wp\/v2\/tags?post=1514"}],"curies":[{"name":"wp","href":"https:\/\/api.w.org\/{rel}","templated":true}]}}