{"id":1073,"date":"2014-07-09T18:20:50","date_gmt":"2014-07-09T17:20:50","guid":{"rendered":"https:\/\/barricasdemadera.com\/blog\/?p=1073"},"modified":"2014-07-09T18:20:50","modified_gmt":"2014-07-09T17:20:50","slug":"barricas-decoracion-eco","status":"publish","type":"post","link":"https:\/\/barricasdemadera.com\/blog\/barricas-decoracion-eco\/","title":{"rendered":"Barricas Decoraci\u00f3n ECO"},"content":{"rendered":"<p><a title=\"Barricas decoraci\u00f3n ECO\" href=\"https:\/\/barricasdemadera.com\/barricas-usadas-225-litros-decoracion-ECO\"><img loading=\"lazy\" decoding=\"async\" alt=\"toneles vino usados\" src=\"https:\/\/barricasdemadera.com\/blog\/wp-content\/uploads\/2014\/07\/barricas-decoracion-ECO2.jpg\" width=\"500\" height=\"500\" \/><\/a><\/p>\n<p>&nbsp;<\/p>\n<p style=\"text-align: justify;\">Con el verano bien entrado os anunciamos que volvemos a disponer en stock de\u00a0\u202a<a title=\"Barricas usadas 225 litros - Decoraci\u00f3n ECO\" href=\"https:\/\/barricasdemadera.com\/barricas-usadas-225-litros-decoracion-ECO\">Barricas\u202c\u00a0usadas 225 litros &#8211; Decoraci\u00f3n ECO<\/a>.<\/p>\n<p style=\"text-align: justify;\">Si est\u00e1is pensando en la decoraci\u00f3n de alg\u00fan rinc\u00f3n de casa o del jard\u00edn para este verano disfrutar con familiares o amigos, no lo pienses m\u00e1s. Ya son muchos los clientes que han comprado este tipo de barricas para colocar en bares, terrazas, tabernas o escenograf\u00edas. Aunque \u00faltimamente tambi\u00e9n se ven mucho en decoraciones de eventos y bodas. \u00bfLas hab\u00edas visto ya?<\/p>\n<p style=\"text-align: justify;\">Au\u00e9nticas barricas de\u00a0\u202a\u200evino\u202c\u00a0perfectas para\u00a0\u202adecoraci\u00f3n\u202c, como\u00a0\u202a\u200eregalo\u202c\u202a \u200eoriginal\u202c\u00a0o, si te gusta el bricolaje, para restaurarlas a tu gusto.<\/p>\n<p style=\"text-align: justify;\">\u00a0-Capacidad para 225 litros<a href=\"https:\/\/barricasdemadera.com\/blog\/wp-content\/uploads\/2014\/07\/barricas-decoracion-ECO2.jpg\"><br \/>\n<\/a><\/p>\n<div>\n<p style=\"text-align: justify;\">\u00a0-Madera de roble<\/p>\n<p style=\"text-align: justify;\">\u00a0-Medidas: 95cm de altura, 70cm de di\u00e1metro m\u00e1ximo, 58cm di\u00e1metro en las tapas<\/p>\n<p style=\"text-align: justify;\">\u00a0-Limpiadas y desinfectadas por dentro.<\/p>\n<p style=\"text-align: justify;\">\u00a0-Antig\u00fcedad: 8-10 a\u00f1os<\/p>\n<p style=\"text-align: justify;\">&#8211; \u00datil como\u00a0\u202a\u200emesas\u202c\u00a0para hosteler\u00eda,\u00a0\u202adep\u00f3sito\u202c\u00a0de agua de lluvia,\u202adecoracion\u202c\u00a0\u202a\u200er\u00fastica\u202c<\/p>\n<p style=\"text-align: justify;\">&#8211; Realizamos env\u00edos a toda Espa\u00f1a, islas incluidas.<\/p>\n<p style=\"text-align: justify;\">M\u00e1s info en:\u00a0<a href=\"https:\/\/barricasdemadera.com\/barricas-usadas-225-litros-decoracion-ECO\" target=\"_blank\" rel=\"nofollow\">www.BarricasDeMadera.com\/barricas-usadas-225-litros-decoracion-ECO<\/a><\/p>\n<\/div>\n","protected":false},"excerpt":{"rendered":"<p>&nbsp; Con el verano bien entrado os anunciamos que volvemos a disponer en stock de\u00a0\u202aBarricas\u202c\u00a0usadas 225 litros &#8211; Decoraci\u00f3n ECO. Si est\u00e1is pensando en la decoraci\u00f3n de alg\u00fan rinc\u00f3n de casa o del jard\u00edn para este verano disfrutar con familiares &hellip; <a href=\"https:\/\/barricasdemadera.com\/blog\/barricas-decoracion-eco\/\">Sigue leyendo <span class=\"meta-nav\">&rarr;<\/span><\/a><\/p>\n","protected":false},"author":1,"featured_media":1074,"comment_status":"open","ping_status":"closed","sticky":false,"template":"","format":"standard","meta":{"_jetpack_newsletter_access":"","_jetpack_dont_email_post_to_subs":false,"_jetpack_newsletter_tier_id":0,"_jetpack_memberships_contains_paywalled_content":false,"_jetpack_memberships_contains_paid_content":false,"footnotes":""},"categories":[5],"tags":[264,337,152,7,306,188,134,6],"class_list":["post-1073","post","type-post","status-publish","format-standard","has-post-thumbnail","hentry","category-barricas-usadas","tag-barricas-de-ocasion","tag-barricas-usadas","tag-barril-decoracion","tag-comprar-barricas","tag-cubas-vino-usadas","tag-decoracion-con-barricas","tag-toneles-vino","tag-venta-de-barricas"],"yoast_head":"<!-- This site is optimized with the Yoast SEO plugin v24.3 - https:\/\/yoast.com\/wordpress\/plugins\/seo\/ -->\n<title>Barricas Decoraci\u00f3n ECO<\/title>\n<meta name=\"description\" content=\"Con el verano bien entrado os anunciamos que volvemos a disponer en stock de \u202aBarricas\u202c usadas 225 litros - Decoraci\u00f3n ECO.\" \/>\n<meta name=\"robots\" content=\"index, follow, max-snippet:-1, max-image-preview:large, max-video-preview:-1\" \/>\n<link rel=\"canonical\" href=\"https:\/\/barricasdemadera.com\/blog\/barricas-decoracion-eco\/\" \/>\n<meta property=\"og:locale\" content=\"es_ES\" \/>\n<meta property=\"og:type\" content=\"article\" \/>\n<meta property=\"og:title\" content=\"Barricas Decoraci\u00f3n ECO\" \/>\n<meta property=\"og:description\" content=\"Con el verano bien entrado os anunciamos que volvemos a disponer en stock de \u202aBarricas\u202c usadas 225 litros - Decoraci\u00f3n ECO.\" \/>\n<meta property=\"og:url\" content=\"https:\/\/barricasdemadera.com\/blog\/barricas-decoracion-eco\/\" \/>\n<meta property=\"og:site_name\" content=\"BarricasDeMadera.com - Reciclaje y venta de barricas usadas\" \/>\n<meta property=\"article:publisher\" content=\"https:\/\/www.facebook.com\/barricasdemadera.es\/\" \/>\n<meta property=\"article:published_time\" content=\"2014-07-09T17:20:50+00:00\" \/>\n<meta property=\"og:image\" content=\"https:\/\/barricasdemadera.com\/blog\/wp-content\/uploads\/2014\/07\/barricas-decoracion-ECO2.jpg\" \/>\n\t<meta property=\"og:image:width\" content=\"500\" \/>\n\t<meta property=\"og:image:height\" content=\"500\" \/>\n\t<meta property=\"og:image:type\" content=\"image\/jpeg\" \/>\n<meta name=\"author\" content=\"BarricasDeMadera.com\" \/>\n<meta name=\"twitter:card\" content=\"summary_large_image\" \/>\n<meta name=\"twitter:creator\" content=\"@barricasmadera\" \/>\n<meta name=\"twitter:site\" content=\"@barricasmadera\" \/>\n<meta name=\"twitter:label1\" content=\"Escrito por\" \/>\n\t<meta name=\"twitter:data1\" content=\"BarricasDeMadera.com\" \/>\n\t<meta name=\"twitter:label2\" content=\"Tiempo de lectura\" \/>\n\t<meta name=\"twitter:data2\" content=\"1 minuto\" \/>\n<script type=\"application\/ld+json\" class=\"yoast-schema-graph\">{\"@context\":\"https:\/\/schema.org\",\"@graph\":[{\"@type\":\"WebPage\",\"@id\":\"https:\/\/barricasdemadera.com\/blog\/barricas-decoracion-eco\/\",\"url\":\"https:\/\/barricasdemadera.com\/blog\/barricas-decoracion-eco\/\",\"name\":\"Barricas Decoraci\u00f3n ECO\",\"isPartOf\":{\"@id\":\"https:\/\/barricasdemadera.com\/blog\/#website\"},\"primaryImageOfPage\":{\"@id\":\"https:\/\/barricasdemadera.com\/blog\/barricas-decoracion-eco\/#primaryimage\"},\"image\":{\"@id\":\"https:\/\/barricasdemadera.com\/blog\/barricas-decoracion-eco\/#primaryimage\"},\"thumbnailUrl\":\"https:\/\/barricasdemadera.com\/blog\/wp-content\/uploads\/2014\/07\/barricas-decoracion-ECO2.jpg\",\"datePublished\":\"2014-07-09T17:20:50+00:00\",\"dateModified\":\"2014-07-09T17:20:50+00:00\",\"author\":{\"@id\":\"https:\/\/barricasdemadera.com\/blog\/#\/schema\/person\/febf58d94c9a8028589ac78a738329da\"},\"description\":\"Con el verano bien entrado os anunciamos que volvemos a disponer en stock de \u202aBarricas\u202c usadas 225 litros - Decoraci\u00f3n ECO.\",\"breadcrumb\":{\"@id\":\"https:\/\/barricasdemadera.com\/blog\/barricas-decoracion-eco\/#breadcrumb\"},\"inLanguage\":\"es\",\"potentialAction\":[{\"@type\":\"ReadAction\",\"target\":[\"https:\/\/barricasdemadera.com\/blog\/barricas-decoracion-eco\/\"]}]},{\"@type\":\"ImageObject\",\"inLanguage\":\"es\",\"@id\":\"https:\/\/barricasdemadera.com\/blog\/barricas-decoracion-eco\/#primaryimage\",\"url\":\"https:\/\/barricasdemadera.com\/blog\/wp-content\/uploads\/2014\/07\/barricas-decoracion-ECO2.jpg\",\"contentUrl\":\"https:\/\/barricasdemadera.com\/blog\/wp-content\/uploads\/2014\/07\/barricas-decoracion-ECO2.jpg\",\"width\":500,\"height\":500,\"caption\":\"toneles vino usados\"},{\"@type\":\"BreadcrumbList\",\"@id\":\"https:\/\/barricasdemadera.com\/blog\/barricas-decoracion-eco\/#breadcrumb\",\"itemListElement\":[{\"@type\":\"ListItem\",\"position\":1,\"name\":\"barricas de ocasi\u00f3n\",\"item\":\"https:\/\/barricasdemadera.com\/blog\/tag\/barricas-de-ocasion\/\"},{\"@type\":\"ListItem\",\"position\":2,\"name\":\"Barricas Decoraci\u00f3n ECO\"}]},{\"@type\":\"WebSite\",\"@id\":\"https:\/\/barricasdemadera.com\/blog\/#website\",\"url\":\"https:\/\/barricasdemadera.com\/blog\/\",\"name\":\"BarricasDeMadera.com - Reciclaje y venta de barricas usadas\",\"description\":\"Tienda de barricas de madera usadas online\",\"potentialAction\":[{\"@type\":\"SearchAction\",\"target\":{\"@type\":\"EntryPoint\",\"urlTemplate\":\"https:\/\/barricasdemadera.com\/blog\/?s={search_term_string}\"},\"query-input\":{\"@type\":\"PropertyValueSpecification\",\"valueRequired\":true,\"valueName\":\"search_term_string\"}}],\"inLanguage\":\"es\"},{\"@type\":\"Person\",\"@id\":\"https:\/\/barricasdemadera.com\/blog\/#\/schema\/person\/febf58d94c9a8028589ac78a738329da\",\"name\":\"BarricasDeMadera.com\",\"image\":{\"@type\":\"ImageObject\",\"inLanguage\":\"es\",\"@id\":\"https:\/\/barricasdemadera.com\/blog\/#\/schema\/person\/image\/\",\"url\":\"https:\/\/secure.gravatar.com\/avatar\/21356ba8f4b232ed0f9b06f39f0991931534c799ff8457c1e03b934166590e26?s=96&d=mm&r=g\",\"contentUrl\":\"https:\/\/secure.gravatar.com\/avatar\/21356ba8f4b232ed0f9b06f39f0991931534c799ff8457c1e03b934166590e26?s=96&d=mm&r=g\",\"caption\":\"BarricasDeMadera.com\"},\"sameAs\":[\"https:\/\/barricasdemadera.com\",\"https:\/\/x.com\/@barricasmadera\"],\"url\":\"https:\/\/barricasdemadera.com\/blog\/author\/adminbarricas\/\"}]}<\/script>\n<!-- \/ Yoast SEO plugin. -->","yoast_head_json":{"title":"Barricas Decoraci\u00f3n ECO","description":"Con el verano bien entrado os anunciamos que volvemos a disponer en stock de \u202aBarricas\u202c usadas 225 litros - Decoraci\u00f3n ECO.","robots":{"index":"index","follow":"follow","max-snippet":"max-snippet:-1","max-image-preview":"max-image-preview:large","max-video-preview":"max-video-preview:-1"},"canonical":"https:\/\/barricasdemadera.com\/blog\/barricas-decoracion-eco\/","og_locale":"es_ES","og_type":"article","og_title":"Barricas Decoraci\u00f3n ECO","og_description":"Con el verano bien entrado os anunciamos que volvemos a disponer en stock de \u202aBarricas\u202c usadas 225 litros - Decoraci\u00f3n ECO.","og_url":"https:\/\/barricasdemadera.com\/blog\/barricas-decoracion-eco\/","og_site_name":"BarricasDeMadera.com - Reciclaje y venta de barricas usadas","article_publisher":"https:\/\/www.facebook.com\/barricasdemadera.es\/","article_published_time":"2014-07-09T17:20:50+00:00","og_image":[{"width":500,"height":500,"url":"https:\/\/barricasdemadera.com\/blog\/wp-content\/uploads\/2014\/07\/barricas-decoracion-ECO2.jpg","type":"image\/jpeg"}],"author":"BarricasDeMadera.com","twitter_card":"summary_large_image","twitter_creator":"@barricasmadera","twitter_site":"@barricasmadera","twitter_misc":{"Escrito por":"BarricasDeMadera.com","Tiempo de lectura":"1 minuto"},"schema":{"@context":"https:\/\/schema.org","@graph":[{"@type":"WebPage","@id":"https:\/\/barricasdemadera.com\/blog\/barricas-decoracion-eco\/","url":"https:\/\/barricasdemadera.com\/blog\/barricas-decoracion-eco\/","name":"Barricas Decoraci\u00f3n ECO","isPartOf":{"@id":"https:\/\/barricasdemadera.com\/blog\/#website"},"primaryImageOfPage":{"@id":"https:\/\/barricasdemadera.com\/blog\/barricas-decoracion-eco\/#primaryimage"},"image":{"@id":"https:\/\/barricasdemadera.com\/blog\/barricas-decoracion-eco\/#primaryimage"},"thumbnailUrl":"https:\/\/barricasdemadera.com\/blog\/wp-content\/uploads\/2014\/07\/barricas-decoracion-ECO2.jpg","datePublished":"2014-07-09T17:20:50+00:00","dateModified":"2014-07-09T17:20:50+00:00","author":{"@id":"https:\/\/barricasdemadera.com\/blog\/#\/schema\/person\/febf58d94c9a8028589ac78a738329da"},"description":"Con el verano bien entrado os anunciamos que volvemos a disponer en stock de \u202aBarricas\u202c usadas 225 litros - Decoraci\u00f3n ECO.","breadcrumb":{"@id":"https:\/\/barricasdemadera.com\/blog\/barricas-decoracion-eco\/#breadcrumb"},"inLanguage":"es","potentialAction":[{"@type":"ReadAction","target":["https:\/\/barricasdemadera.com\/blog\/barricas-decoracion-eco\/"]}]},{"@type":"ImageObject","inLanguage":"es","@id":"https:\/\/barricasdemadera.com\/blog\/barricas-decoracion-eco\/#primaryimage","url":"https:\/\/barricasdemadera.com\/blog\/wp-content\/uploads\/2014\/07\/barricas-decoracion-ECO2.jpg","contentUrl":"https:\/\/barricasdemadera.com\/blog\/wp-content\/uploads\/2014\/07\/barricas-decoracion-ECO2.jpg","width":500,"height":500,"caption":"toneles vino usados"},{"@type":"BreadcrumbList","@id":"https:\/\/barricasdemadera.com\/blog\/barricas-decoracion-eco\/#breadcrumb","itemListElement":[{"@type":"ListItem","position":1,"name":"barricas de ocasi\u00f3n","item":"https:\/\/barricasdemadera.com\/blog\/tag\/barricas-de-ocasion\/"},{"@type":"ListItem","position":2,"name":"Barricas Decoraci\u00f3n ECO"}]},{"@type":"WebSite","@id":"https:\/\/barricasdemadera.com\/blog\/#website","url":"https:\/\/barricasdemadera.com\/blog\/","name":"BarricasDeMadera.com - Reciclaje y venta de barricas usadas","description":"Tienda de barricas de madera usadas online","potentialAction":[{"@type":"SearchAction","target":{"@type":"EntryPoint","urlTemplate":"https:\/\/barricasdemadera.com\/blog\/?s={search_term_string}"},"query-input":{"@type":"PropertyValueSpecification","valueRequired":true,"valueName":"search_term_string"}}],"inLanguage":"es"},{"@type":"Person","@id":"https:\/\/barricasdemadera.com\/blog\/#\/schema\/person\/febf58d94c9a8028589ac78a738329da","name":"BarricasDeMadera.com","image":{"@type":"ImageObject","inLanguage":"es","@id":"https:\/\/barricasdemadera.com\/blog\/#\/schema\/person\/image\/","url":"https:\/\/secure.gravatar.com\/avatar\/21356ba8f4b232ed0f9b06f39f0991931534c799ff8457c1e03b934166590e26?s=96&d=mm&r=g","contentUrl":"https:\/\/secure.gravatar.com\/avatar\/21356ba8f4b232ed0f9b06f39f0991931534c799ff8457c1e03b934166590e26?s=96&d=mm&r=g","caption":"BarricasDeMadera.com"},"sameAs":["https:\/\/barricasdemadera.com","https:\/\/x.com\/@barricasmadera"],"url":"https:\/\/barricasdemadera.com\/blog\/author\/adminbarricas\/"}]}},"jetpack_featured_media_url":"https:\/\/barricasdemadera.com\/blog\/wp-content\/uploads\/2014\/07\/barricas-decoracion-ECO2.jpg","jetpack_shortlink":"https:\/\/wp.me\/p2UXAv-hj","jetpack_sharing_enabled":true,"_links":{"self":[{"href":"https:\/\/barricasdemadera.com\/blog\/wp-json\/wp\/v2\/posts\/1073","targetHints":{"allow":["GET"]}}],"collection":[{"href":"https:\/\/barricasdemadera.com\/blog\/wp-json\/wp\/v2\/posts"}],"about":[{"href":"https:\/\/barricasdemadera.com\/blog\/wp-json\/wp\/v2\/types\/post"}],"author":[{"embeddable":true,"href":"https:\/\/barricasdemadera.com\/blog\/wp-json\/wp\/v2\/users\/1"}],"replies":[{"embeddable":true,"href":"https:\/\/barricasdemadera.com\/blog\/wp-json\/wp\/v2\/comments?post=1073"}],"version-history":[{"count":1,"href":"https:\/\/barricasdemadera.com\/blog\/wp-json\/wp\/v2\/posts\/1073\/revisions"}],"predecessor-version":[{"id":1075,"href":"https:\/\/barricasdemadera.com\/blog\/wp-json\/wp\/v2\/posts\/1073\/revisions\/1075"}],"wp:featuredmedia":[{"embeddable":true,"href":"https:\/\/barricasdemadera.com\/blog\/wp-json\/wp\/v2\/media\/1074"}],"wp:attachment":[{"href":"https:\/\/barricasdemadera.com\/blog\/wp-json\/wp\/v2\/media?parent=1073"}],"wp:term":[{"taxonomy":"category","embeddable":true,"href":"https:\/\/barricasdemadera.com\/blog\/wp-json\/wp\/v2\/categories?post=1073"},{"taxonomy":"post_tag","embeddable":true,"href":"https:\/\/barricasdemadera.com\/blog\/wp-json\/wp\/v2\/tags?post=1073"}],"curies":[{"name":"wp","href":"https:\/\/api.w.org\/{rel}","templated":true}]}}